{"id":1052,"date":"2015-05-22T20:00:41","date_gmt":"2015-05-22T18:00:41","guid":{"rendered":"http:\/\/grzegorznieradka.pl\/?p=1052"},"modified":"2015-06-09T17:02:47","modified_gmt":"2015-06-09T15:02:47","slug":"list-andrzeja-dudy-do-mieszkancow-podkarpacia","status":"publish","type":"post","link":"http:\/\/grzegorznieradka.pl\/index.php\/2015\/05\/22\/list-andrzeja-dudy-do-mieszkancow-podkarpacia\/","title":{"rendered":"List Andrzeja Dudy do mieszka\u0144c\u00f3w Podkarpacia"},"content":{"rendered":"<p style=\"text-align: justify;\"><em><strong>Szanowni Pa\u0144stwo! Mieszka\u0144cy Podkarpacia!<\/strong><\/em><\/p>\n<p style=\"text-align: justify;\">Ju\u017c w marcu mia\u0142em zaszczyt odwiedzi\u0107 pi\u0119kn\u0105 ziemi\u0119 Podkarpacia. Zachwycaj\u0105ce bogactwo przyrody Bieszczad, Beskidu i Roztocza, kt\u00f3r\u0105 podziwia\u0142em wcze\u015bniej wielokrotnie, ale przede wszystkim wielko\u015b\u0107 ducha i go\u015bcinno\u015b\u0107 mieszka\u0144c\u00f3w s\u0105 ca\u0142y czas w mojej wdzi\u0119cznej pami\u0119ci.<\/p>\n<p style=\"text-align: justify;\">Nie ma powodu, \u017ceby ta pi\u0119kna ziemia i ludzie tu mieszkaj\u0105cy byli traktowani gorzej od innych. A tak niestety jest. Utwierdzi\u0142y mnie w tej opinii Pa\u0144stwa gorzkie s\u0142owa. Us\u0142ysza\u0142em wiele o trudnych warunkach \u017cycia, o bardzo wysokim bezrobociu i o wynikaj\u0105cej z tego biedzie. M\u00f3wili\u015bcie Pa\u0144stwo o braku dost\u0119pu do s\u0142u\u017cby zdrowia, kultury; o ucieczce Waszych dzieci i wnuk\u00f3w do wielkich miast, a co szczeg\u00f3lnie bolesne, o dramatycznych decyzjach poszukiwania godnego \u017cycia z dala od Ojczyzny, o emigracji.<\/p>\n<p style=\"text-align: justify;\">Przypomniano mi o wykluczeniu komunikacyjnym, o niezako\u0144czeniu budowy autostrady A4, o s\u0142ynnej drodze S19, kt\u00f3ra staje si\u0119 symbolem niemocy i zaniedba\u0144 obecnego rz\u0105du, o likwidacji s\u0105d\u00f3w rejonowych, plac\u00f3wek poczty, posterunk\u00f3w policji.<\/p>\n<p style=\"text-align: justify;\">Rz\u0105d PO-PSL ci\u0105g\u0142e zapowiada, \u017ce m\u0142odzi ludzie znajd\u0105 w ko\u0144cu prac\u0119 i tutaj na Podkarpaciu zaczn\u0105 budowa\u0107 swoj\u0105 przysz\u0142o\u015b\u0107, a niestety wyjecha\u0142o na emigracj\u0119 ponad 200000. W Pa\u0144stwa imieniu z ca\u0142\u0105 moc\u0105 pytam, gdzie jest realizacja zr\u00f3wnowa\u017conego rozwoju? Kiedy wreszcie ogromny potencja\u0142 tej ziemi, a przede wszystkim mieszkaj\u0105cych tu ludzi, b\u0119dzie dostrze\u017cony i wykorzystany tak jak na to zas\u0142uguje?<\/p>\n<p style=\"text-align: justify;\">Pa\u0144stwo najlepiej wiecie jak wiele trzeba zmieni\u0107. Musi tu wr\u00f3ci\u0107 przemys\u0142, szczeg\u00f3lnie wykorzystuj\u0105cy innowacyjne technologie, aby ludzie mieli sta\u0142\u0105, dobrze p\u0142atn\u0105 prac\u0119. To wszystko jest mo\u017cliwe i zadbam, aby tak si\u0119 sta\u0142o, jak w II Rzeczypospolitej, kiedy na tej ziemi powsta\u0142 Centralny Okr\u0119g Przemys\u0142owy.<\/p>\n<p style=\"text-align: justify;\">Dzi\u0119kuj\u0119 za wszystkie g\u0142osy, jakie oddali\u015bcie na mnie w pierwszej turze, a by\u0142o ich ponad 419 tysi\u0119cy. W\u0142a\u015bnie te g\u0142osy to znak budz\u0105cej si\u0119 na nowo nadziei. Odczu\u0142em j\u0105 ju\u017c podczas ostatniej wizyty na tej pi\u0119knej ziemi. Jako Prezydent Rzeczypospolitej Polskiej, zrobi\u0119 wszystko, aby stworzy\u0107 na Podkarpaciu warunki godnego \u017cycia i rozwoju. Mam wystarczaj\u0105co si\u0142y i energii, aby i\u015b\u0107 do przodu i osi\u0105gn\u0105\u0107 cele, jakie sobie wsp\u00f3lnie z Pa\u0144stwem wyznaczam.<\/p>\n<p style=\"text-align: justify;\">Jestem do dyspozycji mieszka\u0144c\u00f3w Podkarpacia. Prosz\u0119 o Pa\u0144stwa g\u0142osy. Nie zawiod\u0119.<\/p>\n<p style=\"text-align: right;\"><em><strong>Andrzej Duda\u00a0<\/strong><\/em><\/p>\n<p style=\"text-align: left;\">fot. facebook.com\/andrzejduda<\/p>\n","protected":false},"excerpt":{"rendered":"<p>Szanowni Pa\u0144stwo! Mieszka\u0144cy Podkarpacia! Ju\u017c w marcu mia\u0142em zaszczyt odwiedzi\u0107 pi\u0119kn\u0105 ziemi\u0119 Podkarpacia. Zachwycaj\u0105ce bogactwo przyrody Bieszczad, Beskidu i Roztocza, &#8230;<\/p>\n","protected":false},"author":1,"featured_media":1053,"comment_status":"open","ping_status":"open","sticky":false,"template":"","format":"standard","meta":[],"categories":[72],"tags":[40,63,64],"_links":{"self":[{"href":"http:\/\/grzegorznieradka.pl\/index.php\/wp-json\/wp\/v2\/posts\/1052"}],"collection":[{"href":"http:\/\/grzegorznieradka.pl\/index.php\/wp-json\/wp\/v2\/posts"}],"about":[{"href":"http:\/\/grzegorznieradka.pl\/index.php\/wp-json\/wp\/v2\/types\/post"}],"author":[{"embeddable":true,"href":"http:\/\/grzegorznieradka.pl\/index.php\/wp-json\/wp\/v2\/users\/1"}],"replies":[{"embeddable":true,"href":"http:\/\/grzegorznieradka.pl\/index.php\/wp-json\/wp\/v2\/comments?post=1052"}],"version-history":[{"count":1,"href":"http:\/\/grzegorznieradka.pl\/index.php\/wp-json\/wp\/v2\/posts\/1052\/revisions"}],"predecessor-version":[{"id":1054,"href":"http:\/\/grzegorznieradka.pl\/index.php\/wp-json\/wp\/v2\/posts\/1052\/revisions\/1054"}],"wp:featuredmedia":[{"embeddable":true,"href":"http:\/\/grzegorznieradka.pl\/index.php\/wp-json\/wp\/v2\/media\/1053"}],"wp:attachment":[{"href":"http:\/\/grzegorznieradka.pl\/index.php\/wp-json\/wp\/v2\/media?parent=1052"}],"wp:term":[{"taxonomy":"category","embeddable":true,"href":"http:\/\/grzegorznieradka.pl\/index.php\/wp-json\/wp\/v2\/categories?post=1052"},{"taxonomy":"post_tag","embeddable":true,"href":"http:\/\/grzegorznieradka.pl\/index.php\/wp-json\/wp\/v2\/tags?post=1052"}],"curies":[{"name":"wp","href":"https:\/\/api.w.org\/{rel}","templated":true}]}}