{"id":1158,"date":"2015-06-17T18:39:49","date_gmt":"2015-06-17T16:39:49","guid":{"rendered":"http:\/\/grzegorznieradka.pl\/?p=1158"},"modified":"2015-06-17T18:48:09","modified_gmt":"2015-06-17T16:48:09","slug":"uroczystosci-w-66-rocznice-urodzin-prezydenta-lecha-kaczynskiego","status":"publish","type":"post","link":"http:\/\/grzegorznieradka.pl\/index.php\/2015\/06\/17\/uroczystosci-w-66-rocznice-urodzin-prezydenta-lecha-kaczynskiego\/","title":{"rendered":"Uroczysto\u015bci w 66. rocznic\u0119 urodzin Prezydenta Lecha Kaczy\u0144skiego"},"content":{"rendered":"<p style=\"text-align: justify;\">Dnia 18 czerwca 2015 r. o godz. 17.30 w Archikatedrze Kr\u00f3lewskiej na Wawelu odprawiona zostanie uroczysta Msza \u015awi\u0119ta w 66. Rocznic\u0119 urodzin \u015bp. Lecha Kaczy\u0144skiego, Prezydenta Rzeczypospolitej Polskiej w latach 2005-2010.<\/p>\n<p style=\"text-align: justify;\">Przed Msz\u0105 \u015awi\u0119t\u0105 delegacje z\u0142o\u017c\u0105 kwiaty na sarkofagu Pary Prezydenckiej pod Wie\u017c\u0105 Srebrnych Dzwon\u00f3w na Wawelu, gdzie r\u00f3wnie\u017c nast\u0105pi kr\u00f3tka modlitwa za spok\u00f3j duszy Marii i Lecha Kaczy\u0144skich.<\/p>\n<p style=\"text-align: justify;\">Msz\u0119 \u015bwi\u0119t\u0105 zam\u00f3wi\u0142 Akademicki Klub Obywatelski im. Prezydenta prof. Lecha Kaczy\u0144skiego w Krakowie. Tego samego dnia urodziny obchodzi Jaros\u0142aw Kaczy\u0144ski, premier rz\u0105du RP w latach 2006-2007 i brat poleg\u0142ego pod Smole\u0144skiem Prezydenta.<\/p>\n<p style=\"text-align: justify;\">Organizatorzy serdecznie zapraszaj\u0105 do licznego udzia\u0142u w uroczysto\u015bciach.<\/p>\n<p style=\"text-align: justify;\">Fot. Anna Loch<\/p>\n<p><a href=\"http:\/\/grzegorznieradka.pl\/wp-content\/uploads\/2015\/06\/ako.jpg\"><img decoding=\"async\" loading=\"lazy\" class=\"alignnone wp-image-1161 size-full\" src=\"http:\/\/grzegorznieradka.pl\/wp-content\/uploads\/2015\/06\/ako.jpg\" alt=\"ako\" width=\"980\" height=\"444\" srcset=\"http:\/\/grzegorznieradka.pl\/wp-content\/uploads\/2015\/06\/ako.jpg 980w, http:\/\/grzegorznieradka.pl\/wp-content\/uploads\/2015\/06\/ako-300x136.jpg 300w\" sizes=\"(max-width: 980px) 100vw, 980px\" \/><\/a><\/p>\n","protected":false},"excerpt":{"rendered":"<p>Dnia 18 czerwca 2015 r. o godz. 17.30 w Archikatedrze Kr\u00f3lewskiej na Wawelu odprawiona zostanie uroczysta Msza \u015awi\u0119ta w 66. &#8230;<\/p>\n","protected":false},"author":1,"featured_media":1159,"comment_status":"open","ping_status":"open","sticky":false,"template":"","format":"standard","meta":[],"categories":[71],"tags":[83,39,84,85],"_links":{"self":[{"href":"http:\/\/grzegorznieradka.pl\/index.php\/wp-json\/wp\/v2\/posts\/1158"}],"collection":[{"href":"http:\/\/grzegorznieradka.pl\/index.php\/wp-json\/wp\/v2\/posts"}],"about":[{"href":"http:\/\/grzegorznieradka.pl\/index.php\/wp-json\/wp\/v2\/types\/post"}],"author":[{"embeddable":true,"href":"http:\/\/grzegorznieradka.pl\/index.php\/wp-json\/wp\/v2\/users\/1"}],"replies":[{"embeddable":true,"href":"http:\/\/grzegorznieradka.pl\/index.php\/wp-json\/wp\/v2\/comments?post=1158"}],"version-history":[{"count":4,"href":"http:\/\/grzegorznieradka.pl\/index.php\/wp-json\/wp\/v2\/posts\/1158\/revisions"}],"predecessor-version":[{"id":1164,"href":"http:\/\/grzegorznieradka.pl\/index.php\/wp-json\/wp\/v2\/posts\/1158\/revisions\/1164"}],"wp:featuredmedia":[{"embeddable":true,"href":"http:\/\/grzegorznieradka.pl\/index.php\/wp-json\/wp\/v2\/media\/1159"}],"wp:attachment":[{"href":"http:\/\/grzegorznieradka.pl\/index.php\/wp-json\/wp\/v2\/media?parent=1158"}],"wp:term":[{"taxonomy":"category","embeddable":true,"href":"http:\/\/grzegorznieradka.pl\/index.php\/wp-json\/wp\/v2\/categories?post=1158"},{"taxonomy":"post_tag","embeddable":true,"href":"http:\/\/grzegorznieradka.pl\/index.php\/wp-json\/wp\/v2\/tags?post=1158"}],"curies":[{"name":"wp","href":"https:\/\/api.w.org\/{rel}","templated":true}]}}