{"id":1175,"date":"2015-06-25T01:33:11","date_gmt":"2015-06-24T23:33:11","guid":{"rendered":"http:\/\/grzegorznieradka.pl\/?p=1175"},"modified":"2015-06-25T01:37:27","modified_gmt":"2015-06-24T23:37:27","slug":"stanislaw-karczewski-szefem-sztabu-wyborczego-pis","status":"publish","type":"post","link":"http:\/\/grzegorznieradka.pl\/index.php\/2015\/06\/25\/stanislaw-karczewski-szefem-sztabu-wyborczego-pis\/","title":{"rendered":"Stanis\u0142aw Karczewski szefem sztabu wyborczego PiS"},"content":{"rendered":"<p style=\"text-align: justify;\"><strong>Wicemarsza\u0142ek Senatu Stanis\u0142aw Karczewski b\u0119dzie szefem sztabu wyborczego w kampanii parlamentarnej &#8211; poinformowa\u0142 podczas wtorkowej konferencji prasowej Prezes PiS.<\/strong><\/p>\n<p style=\"text-align: justify;\">To b\u0119dzie wielka kampania i wi\u0105\u017c\u0105 si\u0119 z ni\u0105 wielkie k\u0142opoty, ale pan marsza\u0142ek jest osob\u0105, kt\u00f3ra sobie \u015bwietnie poradzi \u2013 podkre\u015bla\u0142 Jaros\u0142aw Kaczy\u0144ski.<\/p>\n<div class=\"text_exposed_show\">\n<p style=\"text-align: justify;\">\u201eTo cz\u0142owiek do\u015bwiadczony politycznie, pe\u0142ni\u0105cy bardzo wysok\u0105 funkcj\u0119 pa\u0144stwow\u0105, jednocze\u015bnie maj\u0105cy za sob\u0105 wiele kampanii wyborczych. Spokojny, zr\u00f3wnowa\u017cony, kompetentny\u201d &#8211; m\u00f3wi\u0142 o Karczewskim.<\/p>\n<p style=\"text-align: justify;\">Pierwszym zast\u0119pc\u0105 szefa sztabu zostanie Przewodnicz\u0105cy Komitetu Wykonawczego PiS Joachim Brudzi\u0144ski.<\/p>\n<p style=\"text-align: justify;\">\u201ePostaram si\u0119 wywi\u0105za\u0107 z zada\u0144. Polakom zale\u017cy na zmianie w\u0142adzy, Polacy chc\u0105 tej zmiany, b\u0119dziemy si\u0119 z nimi nadal spotykali\u201d \u2013 powiedzia\u0142 Stanis\u0142aw Karczewski.<\/p>\n<p style=\"text-align: justify;\">Wicemarsza\u0142ek Senatu podkre\u015bla\u0142, \u017ce celem sztabu PiS b\u0119dzie zwyci\u0119stwo. \u201eMam bardzo du\u017co energii i b\u0119d\u0119 chcia\u0142, \u017ceby ta kampania by\u0142a jeszcze lepsza od kampanii Andrzeja Dudy. (\u2026) Wierz\u0119 w to zwyci\u0119stwo i my\u015bl\u0119, \u017ce nied\u0142ugo b\u0119dziemy si\u0119 cieszy\u0107\u201d &#8211; zaznaczy\u0142.<\/p>\n<p style=\"text-align: justify;\">Stanis\u0142aw Karczewski poinformowa\u0142, \u017ce sztab PiS b\u0119dzie sk\u0142ada\u0142 si\u0119 z profesjonalnych, m\u0142odych ludzi.<\/p>\n<p style=\"text-align: justify;\">Jaros\u0142aw Kaczy\u0144ski zapowiedzia\u0142, \u017ce m\u0142odych os\u00f3b nie zabraknie tak\u017ce na listach wyborczych. \u201eNasze listy musz\u0105 przyci\u0105ga\u0107. Pojawi\u0105 si\u0119 na nich twarze nowe, m\u0142ode\u201d \u2013 podkre\u015bli\u0142.<\/p>\n<p style=\"text-align: justify;\"><em>\u017ar\u00f3d\u0142o: www.facebook.com\/pisorgpl<\/em><\/p>\n<\/div>\n","protected":false},"excerpt":{"rendered":"<p>Wicemarsza\u0142ek Senatu Stanis\u0142aw Karczewski b\u0119dzie szefem sztabu wyborczego w kampanii parlamentarnej &#8211; poinformowa\u0142 podczas wtorkowej konferencji prasowej Prezes PiS. To &#8230;<\/p>\n","protected":false},"author":1,"featured_media":1178,"comment_status":"open","ping_status":"open","sticky":false,"template":"","format":"standard","meta":[],"categories":[71],"tags":[87,89,68,88],"_links":{"self":[{"href":"http:\/\/grzegorznieradka.pl\/index.php\/wp-json\/wp\/v2\/posts\/1175"}],"collection":[{"href":"http:\/\/grzegorznieradka.pl\/index.php\/wp-json\/wp\/v2\/posts"}],"about":[{"href":"http:\/\/grzegorznieradka.pl\/index.php\/wp-json\/wp\/v2\/types\/post"}],"author":[{"embeddable":true,"href":"http:\/\/grzegorznieradka.pl\/index.php\/wp-json\/wp\/v2\/users\/1"}],"replies":[{"embeddable":true,"href":"http:\/\/grzegorznieradka.pl\/index.php\/wp-json\/wp\/v2\/comments?post=1175"}],"version-history":[{"count":1,"href":"http:\/\/grzegorznieradka.pl\/index.php\/wp-json\/wp\/v2\/posts\/1175\/revisions"}],"predecessor-version":[{"id":1177,"href":"http:\/\/grzegorznieradka.pl\/index.php\/wp-json\/wp\/v2\/posts\/1175\/revisions\/1177"}],"wp:featuredmedia":[{"embeddable":true,"href":"http:\/\/grzegorznieradka.pl\/index.php\/wp-json\/wp\/v2\/media\/1178"}],"wp:attachment":[{"href":"http:\/\/grzegorznieradka.pl\/index.php\/wp-json\/wp\/v2\/media?parent=1175"}],"wp:term":[{"taxonomy":"category","embeddable":true,"href":"http:\/\/grzegorznieradka.pl\/index.php\/wp-json\/wp\/v2\/categories?post=1175"},{"taxonomy":"post_tag","embeddable":true,"href":"http:\/\/grzegorznieradka.pl\/index.php\/wp-json\/wp\/v2\/tags?post=1175"}],"curies":[{"name":"wp","href":"https:\/\/api.w.org\/{rel}","templated":true}]}}