{"id":1202,"date":"2015-07-02T16:36:27","date_gmt":"2015-07-02T14:36:27","guid":{"rendered":"http:\/\/grzegorznieradka.pl\/?p=1202"},"modified":"2015-07-02T16:40:43","modified_gmt":"2015-07-02T14:40:43","slug":"pilkarskie-wakacje-2015-w-krosnie","status":"publish","type":"post","link":"http:\/\/grzegorznieradka.pl\/index.php\/2015\/07\/02\/pilkarskie-wakacje-2015-w-krosnie\/","title":{"rendered":"Pi\u0142karskie wakacje 2015 w Kro\u015bnie"},"content":{"rendered":"<p style=\"text-align: justify;\">Szk\u00f3\u0142ka Pi\u0142karska Koniczynka Krosno\u00a0i\u00a0Forum M\u0142odych PiS Krosno zapraszaj\u0105 do wzi\u0119cia udzia\u0142u w Pi\u0142karskich Wakacjach. To cykl turniej\u00f3w dla dzieci i m\u0142odzie\u017cy z miasta Krosna, powiatu kro\u015bnie\u0144skiego a tak\u017ce o\u015bciennych powiat\u00f3w. W tym roku rozegranych zostanie 5 turniej\u00f3w. Poni\u017cej przedstawiamy harmonogram:<\/p>\n<p style=\"text-align: justify;\"><strong>&#8211; 8 lipiec 2015 r. godz. 10.00<\/strong> Turniej Pi\u0142karski o Puchar Radnej Sejmiku Wojew\u00f3dztwa Podkarpackiego Doroty Chilik w kategorii M\u0141ODZIK (rocznik 2003 i m\u0142odsi)\u00a0ZG\u0141OSZENIA DO 6 LIPCA<\/p>\n<p style=\"text-align: justify;\"><strong>&#8211; 15 lipiec 2015 r. godz. 10.00<\/strong> Turniej Pi\u0142karski o Puchar Radnego Miasta Krosna Paw\u0142a Krzanowskiego w kategorii \u017bAK (rocznik 2007 i m\u0142odsi)\u00a0ZG\u0141OSZENIA DO 13 LIPCA<\/p>\n<p style=\"text-align: justify;\"><strong>&#8211; 11 sierpie\u0144 2015 r. godz. 10.00<\/strong> Turniej Pi\u0142karski o Puchar Pos\u0142a na Sejm RP Stanis\u0142awa \u00a0Piotrowicza w kategorii TRAMPKARZ (rocznik 2000 i m\u0142odsi)\u00a0ZG\u0141OSZENIA DO 7 SIERPNIA<\/p>\n<p style=\"text-align: justify;\"><strong>&#8211; 17 sierpie\u0144 2015 r. godz. 10.00<\/strong> Turniej Pi\u0142karski o Puchar Pos\u0142a na Sejm RP Piotra Babinetza w kategorii ORLIK (rocznik 2005 i m\u0142odsi)\u00a0ZG\u0141OSZENIA DO 12 SIERPNIA<\/p>\n<p style=\"text-align: justify;\"><strong>&#8211; 20-21 sierpie\u0144 2015 r. godz. 10.00<\/strong> Turniej Dzikich Dru\u017cyn (roczniki: 1993 \u2013 1999)\u00a0ZG\u0141OSZENIA DO 12 SIERPNIA<\/p>\n<p style=\"text-align: justify;\"><strong>UWAGA! Osoby niepe\u0142noletnie musz\u0105 posiada\u0107 zgod\u0119 rodzic\u00f3w na udzia\u0142 w turnieju.<\/strong><br \/>\nW\u015br\u00f3d zg\u0142oszonych do tej pory dru\u017cyn znalaz\u0142y si\u0119 nast\u0119puj\u0105ce zespo\u0142y: Koniczynka Krosno, Nafta Jedlicze, Iwonka Iwonicz, Bardomed Krosno, Beniaminek Camp I, Beniaminek Camp II, Beniaminek Krosno, Wis\u0142ok Kro\u015bcienko Wy\u017cne, LKS G\u0142owienka, T\u0119cza Zr\u0119cin, Jasio\u0142ka \u015awierzowa, Osiedle Guzik\u00f3wka.<\/p>\n<p style=\"text-align: justify;\">Regulamin pi\u0142karskich wakacji znajduje si\u0119 na stronie wydarzenia utworzonego przez Marcina J\u00f3zefowicza, wieloletniego Przewodnicz\u0105cego Forum M\u0142odych Prawa i Sprawiedliwo\u015bci Miasta Krosna <a href=\"https:\/\/www.facebook.com\/events\/922713537792877\/\">https:\/\/www.facebook.com\/events\/922713537792877\/<\/a><\/p>\n<p style=\"text-align: justify;\">\n","protected":false},"excerpt":{"rendered":"<p>Szk\u00f3\u0142ka Pi\u0142karska Koniczynka Krosno\u00a0i\u00a0Forum M\u0142odych PiS Krosno zapraszaj\u0105 do wzi\u0119cia udzia\u0142u w Pi\u0142karskich Wakacjach. To cykl turniej\u00f3w dla dzieci i &#8230;<\/p>\n","protected":false},"author":1,"featured_media":1203,"comment_status":"open","ping_status":"open","sticky":false,"template":"","format":"standard","meta":[],"categories":[72],"tags":[98,97,99],"_links":{"self":[{"href":"http:\/\/grzegorznieradka.pl\/index.php\/wp-json\/wp\/v2\/posts\/1202"}],"collection":[{"href":"http:\/\/grzegorznieradka.pl\/index.php\/wp-json\/wp\/v2\/posts"}],"about":[{"href":"http:\/\/grzegorznieradka.pl\/index.php\/wp-json\/wp\/v2\/types\/post"}],"author":[{"embeddable":true,"href":"http:\/\/grzegorznieradka.pl\/index.php\/wp-json\/wp\/v2\/users\/1"}],"replies":[{"embeddable":true,"href":"http:\/\/grzegorznieradka.pl\/index.php\/wp-json\/wp\/v2\/comments?post=1202"}],"version-history":[{"count":6,"href":"http:\/\/grzegorznieradka.pl\/index.php\/wp-json\/wp\/v2\/posts\/1202\/revisions"}],"predecessor-version":[{"id":1209,"href":"http:\/\/grzegorznieradka.pl\/index.php\/wp-json\/wp\/v2\/posts\/1202\/revisions\/1209"}],"wp:featuredmedia":[{"embeddable":true,"href":"http:\/\/grzegorznieradka.pl\/index.php\/wp-json\/wp\/v2\/media\/1203"}],"wp:attachment":[{"href":"http:\/\/grzegorznieradka.pl\/index.php\/wp-json\/wp\/v2\/media?parent=1202"}],"wp:term":[{"taxonomy":"category","embeddable":true,"href":"http:\/\/grzegorznieradka.pl\/index.php\/wp-json\/wp\/v2\/categories?post=1202"},{"taxonomy":"post_tag","embeddable":true,"href":"http:\/\/grzegorznieradka.pl\/index.php\/wp-json\/wp\/v2\/tags?post=1202"}],"curies":[{"name":"wp","href":"https:\/\/api.w.org\/{rel}","templated":true}]}}