{"id":1230,"date":"2015-07-03T02:02:32","date_gmt":"2015-07-03T00:02:32","guid":{"rendered":"http:\/\/grzegorznieradka.pl\/?p=1230"},"modified":"2015-07-03T02:02:32","modified_gmt":"2015-07-03T00:02:32","slug":"gus-o-sytuacji-spoleczno-gospodarczej-wojewodztwa-podkarpackiego","status":"publish","type":"post","link":"http:\/\/grzegorznieradka.pl\/index.php\/2015\/07\/03\/gus-o-sytuacji-spoleczno-gospodarczej-wojewodztwa-podkarpackiego\/","title":{"rendered":"GUS o sytuacji spo\u0142eczno-gospodarczej wojew\u00f3dztwa podkarpackiego"},"content":{"rendered":"<p style=\"text-align: justify;\"><strong>G\u0142\u00f3wny Urz\u0105d Statystyczny opublikowa\u0142 najnowsze dane dotycz\u0105ce sytuacji spo\u0142eczno-gospodarczej wojew\u00f3dztwa podkarpackiego w maju 2015 r.\u00a0<\/strong><\/p>\n<p style=\"text-align: justify;\">Jak podaje GUS, przeci\u0119tne zatrudnienie w sektorze przedsi\u0119biorstw by\u0142o ni\u017csze zar\u00f3wno w odniesieniu do maja ub. roku (o 0,7%), jak i do poprzedniego miesi\u0105ca (o 0,1%). Stopa bezrobocia rejestrowanego wynios\u0142a 13,7% i by\u0142a ni\u017csza w por\u00f3wnaniu z miesi\u0105cem poprzednim, a tak\u017ce z majem 2014 r. Przeci\u0119tne miesi\u0119czne wynagrodzenie brutto w sektorze przedsi\u0119biorstw wzros\u0142o w uj\u0119ciu rocznym (o 4,0%) oraz w por\u00f3wnaniu z poprzednim miesi\u0105cem (o 0,5%).<\/p>\n<p style=\"text-align: justify;\">W odniesieniu do maja 2014 r. spad\u0142y ceny wi\u0119kszo\u015bci artyku\u0142\u00f3w \u017cywno\u015bciowych. Natomiast ceny skupu podstawowych produkt\u00f3w rolnych by\u0142y ni\u017csze ni\u017c przed rokiem. W por\u00f3wnaniu z kwietniem br. odnotowano wzrost ceny skupu ziemniak\u00f3w i \u017cywca drobiowego. W obrocie targowiskowym, w odniesieniu do maja 2014 r., ceny by\u0142y ni\u017csze. W por\u00f3wnaniu z cenami notowanymi w kwietniu br. wzros\u0142y ceny pszenicy, ziemniak\u00f3w i prosi\u0119cia przeznaczonego do dalszego chowu.<\/p>\n<p style=\"text-align: justify;\">Produkcja sprzedana przemys\u0142u by\u0142a ni\u017csza ni\u017c przed rokiem (o 0,6%) i ni\u017csza w odniesieniu do poprzedniego miesi\u0105ca (o 2,7%).<\/p>\n<p style=\"text-align: justify;\">Ni\u017csza ni\u017c przed rokiem by\u0142a sprzeda\u017c produkcji budowlano-monta\u017cowej (o 1,6%). Liczba oddanych do u\u017cytkowania mieszka\u0144 by\u0142a mniejsza ni\u017c w maju 2014 r. (o 5,6%).<\/p>\n<p style=\"text-align: justify;\">Sprzeda\u017c detaliczna by\u0142a wy\u017csza w skali roku (o 6,8%), a zmniejszy\u0142a si\u0119 w skali miesi\u0105ca (o 0,9%).<\/p>\n<p style=\"text-align: justify;\"><em>\u017ar\u00f3d\u0142o: gospodarkapodkarpacka.pl\u00a0<\/em><\/p>\n","protected":false},"excerpt":{"rendered":"<p>G\u0142\u00f3wny Urz\u0105d Statystyczny opublikowa\u0142 najnowsze dane dotycz\u0105ce sytuacji spo\u0142eczno-gospodarczej wojew\u00f3dztwa podkarpackiego w maju 2015 r.\u00a0 Jak podaje GUS, przeci\u0119tne zatrudnienie &#8230;<\/p>\n","protected":false},"author":1,"featured_media":1231,"comment_status":"open","ping_status":"open","sticky":false,"template":"","format":"standard","meta":[],"categories":[72],"tags":[102,104,103],"_links":{"self":[{"href":"http:\/\/grzegorznieradka.pl\/index.php\/wp-json\/wp\/v2\/posts\/1230"}],"collection":[{"href":"http:\/\/grzegorznieradka.pl\/index.php\/wp-json\/wp\/v2\/posts"}],"about":[{"href":"http:\/\/grzegorznieradka.pl\/index.php\/wp-json\/wp\/v2\/types\/post"}],"author":[{"embeddable":true,"href":"http:\/\/grzegorznieradka.pl\/index.php\/wp-json\/wp\/v2\/users\/1"}],"replies":[{"embeddable":true,"href":"http:\/\/grzegorznieradka.pl\/index.php\/wp-json\/wp\/v2\/comments?post=1230"}],"version-history":[{"count":1,"href":"http:\/\/grzegorznieradka.pl\/index.php\/wp-json\/wp\/v2\/posts\/1230\/revisions"}],"predecessor-version":[{"id":1232,"href":"http:\/\/grzegorznieradka.pl\/index.php\/wp-json\/wp\/v2\/posts\/1230\/revisions\/1232"}],"wp:featuredmedia":[{"embeddable":true,"href":"http:\/\/grzegorznieradka.pl\/index.php\/wp-json\/wp\/v2\/media\/1231"}],"wp:attachment":[{"href":"http:\/\/grzegorznieradka.pl\/index.php\/wp-json\/wp\/v2\/media?parent=1230"}],"wp:term":[{"taxonomy":"category","embeddable":true,"href":"http:\/\/grzegorznieradka.pl\/index.php\/wp-json\/wp\/v2\/categories?post=1230"},{"taxonomy":"post_tag","embeddable":true,"href":"http:\/\/grzegorznieradka.pl\/index.php\/wp-json\/wp\/v2\/tags?post=1230"}],"curies":[{"name":"wp","href":"https:\/\/api.w.org\/{rel}","templated":true}]}}