{"id":1233,"date":"2015-07-03T02:24:47","date_gmt":"2015-07-03T00:24:47","guid":{"rendered":"http:\/\/grzegorznieradka.pl\/?p=1233"},"modified":"2015-07-03T02:36:49","modified_gmt":"2015-07-03T00:36:49","slug":"zapraszamy-na-odswiezone-profile-grzegorza-nieradki-na-facebooku-i-twitterze","status":"publish","type":"post","link":"http:\/\/grzegorznieradka.pl\/index.php\/2015\/07\/03\/zapraszamy-na-odswiezone-profile-grzegorza-nieradki-na-facebooku-i-twitterze\/","title":{"rendered":"Zapraszamy do \u015bledzenia Grzegorza Nieradki na Facebooku i Twitterze!"},"content":{"rendered":"<p style=\"text-align: justify;\"><strong>Ujednolicona grafika, nowoczesny styl, uporz\u0105dkowany dob\u00f3r tekst\u00f3w i zdj\u0119\u0107, to tylko niekt\u00f3re zmiany, jakie nast\u0105pi\u0142y na oficjalnych stronach radnego Grzegorza Nieradki na portalach spo\u0142eczno\u015bciowych Facebook i Twitter.\u00a0<\/strong><\/p>\n<p style=\"text-align: justify;\">Serdecznie zapraszamy do polubienia i obserwowania, ale przede wszystkim do udost\u0119pniania materia\u0142\u00f3w, kt\u00f3re Pa\u0144stwa zainteresuj\u0105, aby i Pa\u0144stwa znajomi mogli dowiedzie\u0107 si\u0119 o tym, co dzieje si\u0119 w naszym regionie.<\/p>\n<p style=\"text-align: justify;\">Link do strony na facebooku:\u00a0<a href=\"https:\/\/www.facebook.com\/NieradkaGrzegorz?ref=bookmarks\">https:\/\/www.facebook.com\/NieradkaGrzegorz?ref=bookmarks<\/a><\/p>\n<p style=\"text-align: justify;\">Link do konta na Twitterze:\u00a0<a href=\"https:\/\/twitter.com\/GNieradka\">https:\/\/twitter.com\/GNieradka<\/a><\/p>\n<p style=\"text-align: justify;\">Utworzony zosta\u0142 tak\u017ce specjalny adres mailowy do kontaktu z\u00a0Pa\u0144stwem: <strong>kontakt@grzegorznieradka.pl\u00a0<\/strong><\/p>\n<p style=\"text-align: justify;\">Zapraszamy do dzielenia si\u0119 swoimi opiniami, sugestiami oraz propozycjami dzia\u0142a\u0144.<\/p>\n<p style=\"text-align: justify;\">\n","protected":false},"excerpt":{"rendered":"<p>Ujednolicona grafika, nowoczesny styl, uporz\u0105dkowany dob\u00f3r tekst\u00f3w i zdj\u0119\u0107, to tylko niekt\u00f3re zmiany, jakie nast\u0105pi\u0142y na oficjalnych stronach radnego Grzegorza &#8230;<\/p>\n","protected":false},"author":1,"featured_media":1237,"comment_status":"open","ping_status":"open","sticky":false,"template":"","format":"standard","meta":[],"categories":[73,72,71,74],"tags":[105,107,108,106],"_links":{"self":[{"href":"http:\/\/grzegorznieradka.pl\/index.php\/wp-json\/wp\/v2\/posts\/1233"}],"collection":[{"href":"http:\/\/grzegorznieradka.pl\/index.php\/wp-json\/wp\/v2\/posts"}],"about":[{"href":"http:\/\/grzegorznieradka.pl\/index.php\/wp-json\/wp\/v2\/types\/post"}],"author":[{"embeddable":true,"href":"http:\/\/grzegorznieradka.pl\/index.php\/wp-json\/wp\/v2\/users\/1"}],"replies":[{"embeddable":true,"href":"http:\/\/grzegorznieradka.pl\/index.php\/wp-json\/wp\/v2\/comments?post=1233"}],"version-history":[{"count":4,"href":"http:\/\/grzegorznieradka.pl\/index.php\/wp-json\/wp\/v2\/posts\/1233\/revisions"}],"predecessor-version":[{"id":1239,"href":"http:\/\/grzegorznieradka.pl\/index.php\/wp-json\/wp\/v2\/posts\/1233\/revisions\/1239"}],"wp:featuredmedia":[{"embeddable":true,"href":"http:\/\/grzegorznieradka.pl\/index.php\/wp-json\/wp\/v2\/media\/1237"}],"wp:attachment":[{"href":"http:\/\/grzegorznieradka.pl\/index.php\/wp-json\/wp\/v2\/media?parent=1233"}],"wp:term":[{"taxonomy":"category","embeddable":true,"href":"http:\/\/grzegorznieradka.pl\/index.php\/wp-json\/wp\/v2\/categories?post=1233"},{"taxonomy":"post_tag","embeddable":true,"href":"http:\/\/grzegorznieradka.pl\/index.php\/wp-json\/wp\/v2\/tags?post=1233"}],"curies":[{"name":"wp","href":"https:\/\/api.w.org\/{rel}","templated":true}]}}