{"id":1282,"date":"2015-07-06T13:50:37","date_gmt":"2015-07-06T11:50:37","guid":{"rendered":"http:\/\/grzegorznieradka.pl\/?p=1282"},"modified":"2015-07-06T13:50:37","modified_gmt":"2015-07-06T11:50:37","slug":"maly-ksiazke-w-iwoniczu-zakonczenie-roku-szkolnego-w-sp-im-ks-antoniego-podgorskiego","status":"publish","type":"post","link":"http:\/\/grzegorznieradka.pl\/index.php\/2015\/07\/06\/maly-ksiazke-w-iwoniczu-zakonczenie-roku-szkolnego-w-sp-im-ks-antoniego-podgorskiego\/","title":{"rendered":"Ma\u0142y Ksi\u0105\u017ck\u0119 w Iwoniczu. Zako\u0144czenie roku szkolnego w SP im. ks. Antoniego Podg\u00f3rskiego"},"content":{"rendered":"<p><em><strong>\u017ar\u00f3d\u0142o fot. www.sp.iwonicz.pl\u00a0<\/strong><\/em><\/p>\n<p style=\"text-align: justify;\">Podczas uroczystego zako\u0144czenia szko\u0142y przez uczni\u00f3w klas sz\u00f3stych Szko\u0142y Podstawowej im. ks. Antoniego Podg\u00f3rskiego w Iwoniczu, absolwenci wykonali przedstawienie pt. &#8222;Ma\u0142y Ksi\u0105\u017c\u0119&#8221;, zwracaj\u0105c uwag\u0119 na warto\u015b\u0107 przyja\u017ani w \u017cyciu ka\u017cdego cz\u0142owieka. Sfilmowana inscenizacja pojawi\u0142a si\u0119 ju\u017c na kanale SP w Iwoniczu na youtube.com. Zach\u0119camy do obejrzenia!<\/p>\n<p><iframe loading=\"lazy\" src=\"https:\/\/www.youtube.com\/embed\/pgLG69YPPj0\" width=\"560\" height=\"315\" frameborder=\"0\" allowfullscreen=\"allowfullscreen\"><\/iframe><\/p>\n","protected":false},"excerpt":{"rendered":"<p>\u017ar\u00f3d\u0142o fot. www.sp.iwonicz.pl\u00a0 Podczas uroczystego zako\u0144czenia szko\u0142y przez uczni\u00f3w klas sz\u00f3stych Szko\u0142y Podstawowej im. ks. Antoniego Podg\u00f3rskiego w Iwoniczu, absolwenci &#8230;<\/p>\n","protected":false},"author":1,"featured_media":1283,"comment_status":"open","ping_status":"open","sticky":false,"template":"","format":"standard","meta":[],"categories":[73],"tags":[116,114,115],"_links":{"self":[{"href":"http:\/\/grzegorznieradka.pl\/index.php\/wp-json\/wp\/v2\/posts\/1282"}],"collection":[{"href":"http:\/\/grzegorznieradka.pl\/index.php\/wp-json\/wp\/v2\/posts"}],"about":[{"href":"http:\/\/grzegorznieradka.pl\/index.php\/wp-json\/wp\/v2\/types\/post"}],"author":[{"embeddable":true,"href":"http:\/\/grzegorznieradka.pl\/index.php\/wp-json\/wp\/v2\/users\/1"}],"replies":[{"embeddable":true,"href":"http:\/\/grzegorznieradka.pl\/index.php\/wp-json\/wp\/v2\/comments?post=1282"}],"version-history":[{"count":1,"href":"http:\/\/grzegorznieradka.pl\/index.php\/wp-json\/wp\/v2\/posts\/1282\/revisions"}],"predecessor-version":[{"id":1284,"href":"http:\/\/grzegorznieradka.pl\/index.php\/wp-json\/wp\/v2\/posts\/1282\/revisions\/1284"}],"wp:featuredmedia":[{"embeddable":true,"href":"http:\/\/grzegorznieradka.pl\/index.php\/wp-json\/wp\/v2\/media\/1283"}],"wp:attachment":[{"href":"http:\/\/grzegorznieradka.pl\/index.php\/wp-json\/wp\/v2\/media?parent=1282"}],"wp:term":[{"taxonomy":"category","embeddable":true,"href":"http:\/\/grzegorznieradka.pl\/index.php\/wp-json\/wp\/v2\/categories?post=1282"},{"taxonomy":"post_tag","embeddable":true,"href":"http:\/\/grzegorznieradka.pl\/index.php\/wp-json\/wp\/v2\/tags?post=1282"}],"curies":[{"name":"wp","href":"https:\/\/api.w.org\/{rel}","templated":true}]}}