{"id":1320,"date":"2015-07-12T23:47:08","date_gmt":"2015-07-12T21:47:08","guid":{"rendered":"http:\/\/grzegorznieradka.pl\/?p=1320"},"modified":"2015-07-12T23:48:40","modified_gmt":"2015-07-12T21:48:40","slug":"jaroslaw-kaczynski-na-jasnej-gorze","status":"publish","type":"post","link":"http:\/\/grzegorznieradka.pl\/index.php\/2015\/07\/12\/jaroslaw-kaczynski-na-jasnej-gorze\/","title":{"rendered":"Jaros\u0142aw Kaczy\u0144ski na Jasnej G\u00f3rze"},"content":{"rendered":"<p style=\"text-align: justify;\"><strong>Podczas XXIV Pielgrzymki Rodziny Radia Maryja na Jasn\u0105 G\u00f3r\u0119 swoje s\u0142owo do uczestnik\u00f3w skierowa\u0142 prezes Prawa i Sprawiedliwo\u015bci, Jaros\u0142aw Kaczy\u0144ski: <\/strong><\/p>\n<p style=\"text-align: justify;\"><strong><em>Najdostojniejsi Ksi\u0119\u017ca, Arcybiskupi, Biskupi, Ekscelencje, Ojcze Generale, Ojcze Przeorze, Ojcze Dyrektorze, Ojcze Prowincjale, Szanowni Pa\u0144stwo!<\/em><\/strong><\/p>\n<p style=\"text-align: justify;\"><em>C\u00f3\u017c powiedzie\u0107 po Mszy \u015bw., na kt\u00f3rej tak wiele powiedziano. Trzeba przede wszystkim powiedzie\u0107: dzi\u0119kuj\u0119. Polska czeka\u0142a na te s\u0142owa.<\/em><\/p>\n<p style=\"text-align: justify;\"><em>Chcia\u0142em szczeg\u00f3lnie podzi\u0119kowa\u0107 ks. abp. Andrzejowi Dzi\u0119dze, metropolicie szczeci\u0144sko-kamie\u0144skiemu za to, co tutaj powiedzia\u0142. Za to, \u017ce przedstawi\u0142 w spos\u00f3b jednoznaczny i zdecydowany stanowisko Ko\u015bcio\u0142a. Chcia\u0142bym podzi\u0119kowa\u0107 ks. abp. Wac\u0142awowi Depo, metropolicie cz\u0119stochowskiemu za to, \u017ce swoj\u0105 obecno\u015bci\u0105 wraz z innymi biskupami za\u015bwiadczy\u0142 t\u0119 nauk\u0119, kt\u00f3r\u0105 tutaj us\u0142yszeli\u015bmy.<\/em><\/p>\n<p style=\"text-align: justify;\"><em>Powtarzam: potrzebowali\u015bmy tego wszyscy. Potrzebowa\u0142a tego Polska. Dzi\u0119kuj\u0119 z ca\u0142ego serca. Musz\u0119 podzi\u0119kowa\u0107 te\u017c wszystkim, kt\u00f3rzy tutaj przybyli, by modli\u0107 si\u0119 za Radio Maryja, by modli\u0107 si\u0119 za Polsk\u0119 w imi\u0119 tych s\u0142\u00f3w, kt\u00f3re wypowiedzia\u0142 kiedy\u015b Prymas Tysi\u0105clecia: ,,Po Bogu najbardziej kocham Polsk\u0119\u201d. Polsk\u0119 trzeba kocha\u0107. Trzeba kocha\u0107 j\u0105 czynnie. Trzeba dla niej dzia\u0142a\u0107 skutecznie i razem. Trzeba dzia\u0142a\u0107 pod t\u0105 wodz\u0105, kt\u00f3ra jest niezawodna. Pad\u0142y tu s\u0142owa o Matce Boskiej, Polskiej Kr\u00f3lowej i Hetmance. Pod Jej wodz\u0105 musimy prowadzi\u0107 Polsk\u0119 ku dobrej zmianie.<\/em><\/p>\n<p style=\"text-align: justify;\"><em>Chcia\u0142em powiedzie\u0107, \u017ce ci, kt\u00f3rzy ju\u017c zdobyli urz\u0119dy, upowa\u017cniaj\u0105ce do takiego prowadzenia, prezydent elekt oraz ci, kt\u00f3rzy o nie zabiegaj\u0105, przede wszystkim kandydatka na premiera pani Beata Szyd\u0142o, to z ca\u0142\u0105 pewno\u015bci\u0105 nie s\u0105 ludzie g\u0142usi. Nie s\u0105 g\u0142usi na g\u0142os Polak\u00f3w. Nie s\u0105 g\u0142usi wobec tego wszystkiego, czego naucza Ko\u015bci\u00f3\u0142, co jest fundamentem naszej wiary i co jest fundamentem polsko\u015bci, bo nie ma w Polsce innej nauki moralnej ni\u017c ta, kt\u00f3r\u0105 g\u0142osi Ko\u015bci\u00f3\u0142. Nawet gdyby kto\u015b mia\u0142 w\u0105tpliwo\u015bci, nawet gdyby kto\u015b nie wierzy\u0142, ale by\u0142 polskim patriot\u0105, to musi to przyj\u0105\u0107. Musi przyj\u0105\u0107, \u017ce nie ma Polski bez Ko\u015bcio\u0142a. Nie ma Polski bez tego fundamentu, kt\u00f3ry trwa od przesz\u0142o tysi\u0105ca lat. Wierze, \u017ce przejdziemy ten wira\u017c, o kt\u00f3rym m\u00f3wi\u0142 tutaj Ojciec Prowincja\u0142. Przejdziemy go w imi\u0119 tego has\u0142a i z tymi s\u0142owami, kt\u00f3re ma zawsze na ustach Ojciec Dyrektor, tw\u00f3rca tego niezwyk\u0142ego dzie\u0142a w wymiarze duchowym, w wymiarze odnosz\u0105cym si\u0119 do naszego g\u0142\u00f3wnego przeznaczenia, jakim jest zbawienie, ale tak\u017ce tym tutejszym, ziemskim wymiarze Radia Maryja.<\/em><\/p>\n<p style=\"text-align: justify;\"><em>Ta Polska codzienna ma wiele wad, ale by\u0142aby z ca\u0142\u0105 pewno\u015bci\u0105 du\u017co gorsza, gdyby nie by\u0142o Radia Maryja.<\/em><\/p>\n<p style=\"text-align: justify;\"><strong><em>Jeszcze raz dzi\u0119kuj\u0119!\u00a0<\/em><\/strong><\/p>\n<p><iframe loading=\"lazy\" src=\"https:\/\/www.youtube.com\/embed\/e1OANF2rrD0\" width=\"560\" height=\"315\" frameborder=\"0\" allowfullscreen=\"allowfullscreen\"><\/iframe><\/p>\n<p>Transmisj\u0119 uroczysto\u015bci przeprowadzi\u0142y Radio Maryja i TV Trwam.<\/p>\n<p><iframe loading=\"lazy\" src=\"https:\/\/www.youtube.com\/embed\/ouUFdxz6TH4\" width=\"560\" height=\"315\" frameborder=\"0\" allowfullscreen=\"allowfullscreen\"><\/iframe><\/p>\n","protected":false},"excerpt":{"rendered":"<p>Podczas XXIV Pielgrzymki Rodziny Radia Maryja na Jasn\u0105 G\u00f3r\u0119 swoje s\u0142owo do uczestnik\u00f3w skierowa\u0142 prezes Prawa i Sprawiedliwo\u015bci, Jaros\u0142aw Kaczy\u0144ski: &#8230;<\/p>\n","protected":false},"author":1,"featured_media":1321,"comment_status":"open","ping_status":"open","sticky":false,"template":"","format":"standard","meta":[],"categories":[71],"tags":[129,131,130,128],"_links":{"self":[{"href":"http:\/\/grzegorznieradka.pl\/index.php\/wp-json\/wp\/v2\/posts\/1320"}],"collection":[{"href":"http:\/\/grzegorznieradka.pl\/index.php\/wp-json\/wp\/v2\/posts"}],"about":[{"href":"http:\/\/grzegorznieradka.pl\/index.php\/wp-json\/wp\/v2\/types\/post"}],"author":[{"embeddable":true,"href":"http:\/\/grzegorznieradka.pl\/index.php\/wp-json\/wp\/v2\/users\/1"}],"replies":[{"embeddable":true,"href":"http:\/\/grzegorznieradka.pl\/index.php\/wp-json\/wp\/v2\/comments?post=1320"}],"version-history":[{"count":2,"href":"http:\/\/grzegorznieradka.pl\/index.php\/wp-json\/wp\/v2\/posts\/1320\/revisions"}],"predecessor-version":[{"id":1323,"href":"http:\/\/grzegorznieradka.pl\/index.php\/wp-json\/wp\/v2\/posts\/1320\/revisions\/1323"}],"wp:featuredmedia":[{"embeddable":true,"href":"http:\/\/grzegorznieradka.pl\/index.php\/wp-json\/wp\/v2\/media\/1321"}],"wp:attachment":[{"href":"http:\/\/grzegorznieradka.pl\/index.php\/wp-json\/wp\/v2\/media?parent=1320"}],"wp:term":[{"taxonomy":"category","embeddable":true,"href":"http:\/\/grzegorznieradka.pl\/index.php\/wp-json\/wp\/v2\/categories?post=1320"},{"taxonomy":"post_tag","embeddable":true,"href":"http:\/\/grzegorznieradka.pl\/index.php\/wp-json\/wp\/v2\/tags?post=1320"}],"curies":[{"name":"wp","href":"https:\/\/api.w.org\/{rel}","templated":true}]}}