{"id":1324,"date":"2015-07-15T23:14:13","date_gmt":"2015-07-15T21:14:13","guid":{"rendered":"http:\/\/grzegorznieradka.pl\/?p=1324"},"modified":"2015-07-15T23:16:42","modified_gmt":"2015-07-15T21:16:42","slug":"wybory-uzupelniajace-w-iwoniczu-zdroju-sklad-gminnej-komisji-wyborczej","status":"publish","type":"post","link":"http:\/\/grzegorznieradka.pl\/index.php\/2015\/07\/15\/wybory-uzupelniajace-w-iwoniczu-zdroju-sklad-gminnej-komisji-wyborczej\/","title":{"rendered":"Wybory uzupe\u0142niaj\u0105ce w Iwoniczu-Zdroju. Sk\u0142ad Gminnej Komisji Wyborczej"},"content":{"rendered":"<p style=\"text-align: justify;\"><strong>Znany jest ju\u017c sk\u0142ad osobowy Gminnej Komisji Wyborczej w Iwoniczu-Zdroju powo\u0142anej postanowieniem Komisarza Wyborczego w Kro\u015bnie dnia 3 lipca 2015 r.: <\/strong><\/p>\n<p style=\"text-align: justify;\">Danuta Borek \u2013 Przewodnicz\u0105cy Komisji<\/p>\n<p style=\"text-align: justify;\">Jan \u0141apuszewski \u2013 Zast\u0119pca Przewodnicz\u0105cego<\/p>\n<p style=\"text-align: justify;\">Tomasz Borek, Ewa J\u0119drusik, Marta Kielar, Tomasz Klimkiewicz, Anna Jakubowicz \u2013 Cz\u0142onkowie Komisji.<\/p>\n<p style=\"text-align: justify;\">Siedziba Gminnej Komisji Wyborczej w Iwoniczu-Zdroju mie\u015bci si\u0119 w Urz\u0119dzie Gminy w Iwoniczu-Zdroju przy Al. S\u0142onecznej 28, 38-440 Iwonicz-Zdr\u00f3j, pok\u00f3j nr 105. Tel. 13 43\u00a0502 12 wew. 141. Komisja pe\u0142ni dy\u017cury w nast\u0119puj\u0105cych terminach:<\/p>\n<p style=\"text-align: justify;\">&#8211; czwartek, <strong>16 lipca 2015 r.<\/strong> w godz. 15.00-16.00<\/p>\n<p style=\"text-align: justify;\">&#8211; wtorek, <strong>21 lipca 2015 r.<\/strong> w godz. 15.00-24.00<\/p>\n<p style=\"text-align: justify;\">Przewodnicz\u0105ca Gminnej Komisji Wyborczej w Iwoniczu-Zdroju poda\u0142a informacj\u0119 o miejscu, dniach i godzinach\u00a0przyjmowania zg\u0142osze\u0144 kandydat\u00f3w na radnego do Rady Miejskiej w Iwoniczu-Zdroju:<\/p>\n<p style=\"text-align: justify;\">Urz\u0105d Gminy w Iwoniczu-Zdroju, Al. S\u0142oneczna 28, 38-440 Iwonicz-Zdr\u00f3j, Biuro Obs\u0142ugi Mieszka\u0144ca,\u00a0 pok\u00f3j nr 104:<\/p>\n<p style=\"text-align: justify;\">&#8211; dnia\u00a0<strong style=\"font-style: inherit;\">14 &#8211; 16 lipca 2015 r<\/strong>. od godz. 7.00 do godz. 15.00<\/p>\n<p style=\"text-align: justify;\">&#8211; dnia\u00a0<strong>17 lipca 2015 r.<\/strong>\u00a0(pi\u0105tek) od godz. 7.00 do godz. 13.00<\/p>\n<p style=\"text-align: justify;\">&#8211;\u00a0dnia\u00a0<strong>20 lipca 2015 r.<\/strong>\u00a0(poniedzia\u0142ek) od godz. 7.00 do godz. 17.00.<\/p>\n<p style=\"text-align: justify;\">Siedziba Gminnej Komisji Wyborczej w Iwoniczu-Zdroju, Al. S\u0142oneczna 28, 38-440 Iwonicz-Zdr\u00f3j,\u00a0 pok\u00f3j nr 105:<\/p>\n<p style=\"text-align: justify;\">&#8211; dnia\u00a0<strong style=\"font-style: inherit;\">16 lipca 2015 r.<\/strong>\u00a0(czwartek) od godz. 15.00 do godz. 16.00<\/p>\n<p style=\"text-align: justify;\">&#8211;\u00a0dnia\u00a0<strong>21 lipca 2015 r.<\/strong>\u00a0(wtorek) od godz. 15.00 do godz. 24.00.<\/p>\n","protected":false},"excerpt":{"rendered":"<p>Znany jest ju\u017c sk\u0142ad osobowy Gminnej Komisji Wyborczej w Iwoniczu-Zdroju powo\u0142anej postanowieniem Komisarza Wyborczego w Kro\u015bnie dnia 3 lipca 2015 &#8230;<\/p>\n","protected":false},"author":1,"featured_media":1325,"comment_status":"open","ping_status":"open","sticky":false,"template":"","format":"standard","meta":[],"categories":[73,74],"tags":[134,133,132],"_links":{"self":[{"href":"http:\/\/grzegorznieradka.pl\/index.php\/wp-json\/wp\/v2\/posts\/1324"}],"collection":[{"href":"http:\/\/grzegorznieradka.pl\/index.php\/wp-json\/wp\/v2\/posts"}],"about":[{"href":"http:\/\/grzegorznieradka.pl\/index.php\/wp-json\/wp\/v2\/types\/post"}],"author":[{"embeddable":true,"href":"http:\/\/grzegorznieradka.pl\/index.php\/wp-json\/wp\/v2\/users\/1"}],"replies":[{"embeddable":true,"href":"http:\/\/grzegorznieradka.pl\/index.php\/wp-json\/wp\/v2\/comments?post=1324"}],"version-history":[{"count":3,"href":"http:\/\/grzegorznieradka.pl\/index.php\/wp-json\/wp\/v2\/posts\/1324\/revisions"}],"predecessor-version":[{"id":1328,"href":"http:\/\/grzegorznieradka.pl\/index.php\/wp-json\/wp\/v2\/posts\/1324\/revisions\/1328"}],"wp:featuredmedia":[{"embeddable":true,"href":"http:\/\/grzegorznieradka.pl\/index.php\/wp-json\/wp\/v2\/media\/1325"}],"wp:attachment":[{"href":"http:\/\/grzegorznieradka.pl\/index.php\/wp-json\/wp\/v2\/media?parent=1324"}],"wp:term":[{"taxonomy":"category","embeddable":true,"href":"http:\/\/grzegorznieradka.pl\/index.php\/wp-json\/wp\/v2\/categories?post=1324"},{"taxonomy":"post_tag","embeddable":true,"href":"http:\/\/grzegorznieradka.pl\/index.php\/wp-json\/wp\/v2\/tags?post=1324"}],"curies":[{"name":"wp","href":"https:\/\/api.w.org\/{rel}","templated":true}]}}