{"id":1348,"date":"2015-07-20T11:38:12","date_gmt":"2015-07-20T09:38:12","guid":{"rendered":"http:\/\/grzegorznieradka.pl\/?p=1348"},"modified":"2015-07-21T12:48:32","modified_gmt":"2015-07-21T10:48:32","slug":"uroczyste-obchody-71-rocznicy-mordu-w-lesie-grabinskim-w-iwoniczu","status":"publish","type":"post","link":"http:\/\/grzegorznieradka.pl\/index.php\/2015\/07\/20\/uroczyste-obchody-71-rocznicy-mordu-w-lesie-grabinskim-w-iwoniczu\/","title":{"rendered":"Uroczyste obchody 71. rocznicy mordu w Lesie Grabi\u0144skim w Iwoniczu"},"content":{"rendered":"<p style=\"text-align: justify;\"><strong>W najbli\u017cszy pi\u0105tek, 24 lipca 2015 r. o godz. 16.30, w 71 rocznic\u0119 bestialskiego mordu dokonanego przez batalion SS Galizien na partyzantach Armii Krajowej, odprawiona zostanie Msza \u015awi\u0119ta przy pomniku pomordowanych w Lesie Grabi\u0144skim. <\/strong><\/p>\n<p style=\"text-align: justify;\">O godz. 16.00 z okolic Urz\u0119du Gminy w Iwoniczu-Zdroju (Al. S\u0142oneczna 28) oraz z przystanku \u201eLubatowa G\u00f3ra\u201d (w miejscowo\u015bci Lubatowa) wyjad\u0105 busy, kt\u00f3re dowioz\u0105 na miejsce uroczysto\u015bci osoby chc\u0105ce wzi\u0105\u0107 udzia\u0142 w obchodach. W razie niepogody Msza \u015awi\u0119ta sprawowana b\u0119dzie o godz. 18.00 w ko\u015bciele parafialnym pw. Wszystkich \u015awi\u0119tych w Iwoniczu. Po Eucharystii nast\u0105pi ceremonia z\u0142o\u017cenia kwiat\u00f3w przy <strong>Grobie Nieznanego \u017bo\u0142nierza<\/strong> na nowym cmentarzu w Iwoniczu.<\/p>\n<p style=\"text-align: justify;\">Druga cz\u0119\u015b\u0107 uroczystych obchod\u00f3w rozpocznie si\u0119 w niedziel\u0119, 26 lipca 2015 r. o godz. 13.30. B\u0119dzie to <strong>XII Bieg \u201eSzlakiem Partyzant\u00f3w z Lubatowej\u201d<\/strong>, kt\u00f3ry rozpocznie si\u0119 przy Szkole Podstawowej im. Jana Paw\u0142a II w Lubatowej. Celem zawod\u00f3w jest uczczenie pami\u0119ci Partyzant\u00f3w zamordowanych w Lesie Grabi\u0144skim oraz popularyzacja sportu jako zdrowej formy sp\u0119dzania wolnego czasu w\u015br\u00f3d dzieci, m\u0142odzie\u017cy i doros\u0142ych.<\/p>\n<p style=\"text-align: justify;\">Zawodnicy startowa\u0107 b\u0119d\u0105 w sze\u015bciu grupach wiekowych:<\/p>\n<p style=\"text-align: justify;\"><strong>Doro\u015bli:<\/strong><\/p>\n<ol style=\"text-align: justify;\">\n<li>Grupa otwarta: od 16 do 30 roku \u017cycia na dystansie 8 km<\/li>\n<li>Grupa otwarta: od 31 do 40 roku \u017cycia na dystansie 8 km<\/li>\n<li>Grupa otwarta: powy\u017cej 40 roku \u017cycia na dystansie 8 km<\/li>\n<\/ol>\n<p style=\"text-align: justify;\"><strong>Dzieci i m\u0142odzie\u017c:<\/strong><\/p>\n<ol>\n<li style=\"text-align: justify;\">Uczniowie szk\u00f3\u0142 podstawowych klas 1-3 na dystansie 800 m &#8211; dziewcz\u0119ta i ch\u0142opcy<\/li>\n<li style=\"text-align: justify;\">Uczniowie szk\u00f3\u0142 podstawowych klas 4-6 na dystansie 800 m &#8211; dziewcz\u0119ta i ch\u0142opcy<\/li>\n<li style=\"text-align: justify;\">Uczniowie gimnazj\u00f3w na dystansie 2000 m &#8211; dziewcz\u0119ta i ch\u0142opcy<\/li>\n<\/ol>\n<p><a href=\"http:\/\/grzegorznieradka.pl\/wp-content\/uploads\/2015\/07\/Zaproszenie.jpg\"><img decoding=\"async\" loading=\"lazy\" class=\"alignnone size-full wp-image-1351\" src=\"http:\/\/grzegorznieradka.pl\/wp-content\/uploads\/2015\/07\/Zaproszenie.jpg\" alt=\"Zaproszenie\" width=\"2243\" height=\"2447\" srcset=\"http:\/\/grzegorznieradka.pl\/wp-content\/uploads\/2015\/07\/Zaproszenie.jpg 2243w, http:\/\/grzegorznieradka.pl\/wp-content\/uploads\/2015\/07\/Zaproszenie-275x300.jpg 275w, http:\/\/grzegorznieradka.pl\/wp-content\/uploads\/2015\/07\/Zaproszenie-939x1024.jpg 939w\" sizes=\"(max-width: 2243px) 100vw, 2243px\" \/><\/a><\/p>\n","protected":false},"excerpt":{"rendered":"<p>W najbli\u017cszy pi\u0105tek, 24 lipca 2015 r. o godz. 16.30, w 71 rocznic\u0119 bestialskiego mordu dokonanego przez batalion SS Galizien &#8230;<\/p>\n","protected":false},"author":1,"featured_media":1350,"comment_status":"open","ping_status":"open","sticky":false,"template":"","format":"standard","meta":[],"categories":[73,72],"tags":[143,142,138,141],"_links":{"self":[{"href":"http:\/\/grzegorznieradka.pl\/index.php\/wp-json\/wp\/v2\/posts\/1348"}],"collection":[{"href":"http:\/\/grzegorznieradka.pl\/index.php\/wp-json\/wp\/v2\/posts"}],"about":[{"href":"http:\/\/grzegorznieradka.pl\/index.php\/wp-json\/wp\/v2\/types\/post"}],"author":[{"embeddable":true,"href":"http:\/\/grzegorznieradka.pl\/index.php\/wp-json\/wp\/v2\/users\/1"}],"replies":[{"embeddable":true,"href":"http:\/\/grzegorznieradka.pl\/index.php\/wp-json\/wp\/v2\/comments?post=1348"}],"version-history":[{"count":2,"href":"http:\/\/grzegorznieradka.pl\/index.php\/wp-json\/wp\/v2\/posts\/1348\/revisions"}],"predecessor-version":[{"id":1352,"href":"http:\/\/grzegorznieradka.pl\/index.php\/wp-json\/wp\/v2\/posts\/1348\/revisions\/1352"}],"wp:featuredmedia":[{"embeddable":true,"href":"http:\/\/grzegorznieradka.pl\/index.php\/wp-json\/wp\/v2\/media\/1350"}],"wp:attachment":[{"href":"http:\/\/grzegorznieradka.pl\/index.php\/wp-json\/wp\/v2\/media?parent=1348"}],"wp:term":[{"taxonomy":"category","embeddable":true,"href":"http:\/\/grzegorznieradka.pl\/index.php\/wp-json\/wp\/v2\/categories?post=1348"},{"taxonomy":"post_tag","embeddable":true,"href":"http:\/\/grzegorznieradka.pl\/index.php\/wp-json\/wp\/v2\/tags?post=1348"}],"curies":[{"name":"wp","href":"https:\/\/api.w.org\/{rel}","templated":true}]}}