{"id":1395,"date":"2015-07-23T17:04:42","date_gmt":"2015-07-23T15:04:42","guid":{"rendered":"http:\/\/grzegorznieradka.pl\/?p=1395"},"modified":"2015-07-23T17:14:35","modified_gmt":"2015-07-23T15:14:35","slug":"skuteczna-interpelacja-na-rozjezdzie-pojawily-sie-bariery-2","status":"publish","type":"post","link":"http:\/\/grzegorznieradka.pl\/index.php\/2015\/07\/23\/skuteczna-interpelacja-na-rozjezdzie-pojawily-sie-bariery-2\/","title":{"rendered":"Skuteczna interpelacja. Na rozje\u017adzie pojawi\u0142y si\u0119 bariery"},"content":{"rendered":"<p style=\"text-align: justify;\"><strong>Wczoraj, tj. 22 lipca 2015 r. ruszy\u0142y prace na rozje\u017adzie \u0142\u0105cz\u0105cym ul. D\u0142ug\u0105 i ul. Zadw\u00f3r z drog\u0105 powiatow\u0105 nr P2002R w Iwoniczu.<\/strong><\/p>\n<p style=\"text-align: justify;\">Wykonane zosta\u0142y prace porz\u0105dkowe polegaj\u0105ce na wycince krzak\u00f3w. Wykoszona zosta\u0142a trawa oraz uporz\u0105dkowano teren przy pojemnikach na odpady segregowane. Zainstalowane zosta\u0142y tak\u017ce bariery ochronne oddzielaj\u0105ce drog\u0119 od koryta Iwonickiego Potoku, zabezpieczaj\u0105ce kierowc\u00f3w i pieszych.<\/p>\n<p style=\"text-align: justify;\">Wykonane prace s\u0105 odpowiedzi\u0105 na interpelacj\u0119 radnego Grzegorza Nieradki, kt\u00f3ry dnia 16 marca 2015 r. wystosowa\u0142 pismo do Burmistrza Gminy Iwonicz-Zdr\u00f3j w tej sprawie. Mimo udzielonej odpowiedzi\u00a0w przeci\u0105gu ostatnich czterech miesi\u0119cy zasadnicze dzia\u0142ania nie by\u0142y podejmowane. Dopiero po ponownym wniosku radnego zg\u0142oszonym podczas XII Sesji Rady Miejskiej w Iwoniczu-Zdroju (21 lipca 2015 r.) zast\u0119pca Burmistrza zapewni\u0142 o wykonaniu niezb\u0119dnych prac.<\/p>\n<p style=\"text-align: justify;\">Poni\u017cej przedstawiamy tre\u015b\u0107 interpelacji radnego Grzegorza Nieradki.<\/p>\n<p style=\"text-align: justify;\"><a href=\"http:\/\/grzegorznieradka.pl\/wp-content\/uploads\/2015\/07\/Interpelacja-2.jpg\"><img decoding=\"async\" loading=\"lazy\" class=\"alignnone size-full wp-image-1399\" src=\"http:\/\/grzegorznieradka.pl\/wp-content\/uploads\/2015\/07\/Interpelacja-2.jpg\" alt=\"Interpelacja 2\" width=\"2121\" height=\"2925\" srcset=\"http:\/\/grzegorznieradka.pl\/wp-content\/uploads\/2015\/07\/Interpelacja-2.jpg 2121w, http:\/\/grzegorznieradka.pl\/wp-content\/uploads\/2015\/07\/Interpelacja-2-218x300.jpg 218w, http:\/\/grzegorznieradka.pl\/wp-content\/uploads\/2015\/07\/Interpelacja-2-743x1024.jpg 743w\" sizes=\"(max-width: 2121px) 100vw, 2121px\" \/><\/a><\/p>\n<p style=\"text-align: justify;\"><a href=\"http:\/\/grzegorznieradka.pl\/wp-content\/uploads\/2015\/07\/Interpelacja-2-2.jpg\"><img decoding=\"async\" loading=\"lazy\" class=\"alignnone size-full wp-image-1397\" src=\"http:\/\/grzegorznieradka.pl\/wp-content\/uploads\/2015\/07\/Interpelacja-2-2.jpg\" alt=\"Interpelacja 2-2\" width=\"3104\" height=\"1746\" srcset=\"http:\/\/grzegorznieradka.pl\/wp-content\/uploads\/2015\/07\/Interpelacja-2-2.jpg 3104w, http:\/\/grzegorznieradka.pl\/wp-content\/uploads\/2015\/07\/Interpelacja-2-2-300x169.jpg 300w, http:\/\/grzegorznieradka.pl\/wp-content\/uploads\/2015\/07\/Interpelacja-2-2-1024x576.jpg 1024w\" sizes=\"(max-width: 3104px) 100vw, 3104px\" \/><\/a><\/p>\n<p style=\"text-align: justify;\"><a href=\"http:\/\/grzegorznieradka.pl\/wp-content\/uploads\/2015\/07\/Interpelacja-2-3.jpg\"><img decoding=\"async\" loading=\"lazy\" class=\"alignnone size-full wp-image-1402\" src=\"http:\/\/grzegorznieradka.pl\/wp-content\/uploads\/2015\/07\/Interpelacja-2-3.jpg\" alt=\"Interpelacja 2-3\" width=\"3104\" height=\"1746\" srcset=\"http:\/\/grzegorznieradka.pl\/wp-content\/uploads\/2015\/07\/Interpelacja-2-3.jpg 3104w, http:\/\/grzegorznieradka.pl\/wp-content\/uploads\/2015\/07\/Interpelacja-2-3-300x169.jpg 300w, http:\/\/grzegorznieradka.pl\/wp-content\/uploads\/2015\/07\/Interpelacja-2-3-1024x576.jpg 1024w\" sizes=\"(max-width: 3104px) 100vw, 3104px\" \/><\/a><\/p>\n","protected":false},"excerpt":{"rendered":"<p>Wczoraj, tj. 22 lipca 2015 r. ruszy\u0142y prace na rozje\u017adzie \u0142\u0105cz\u0105cym ul. D\u0142ug\u0105 i ul. Zadw\u00f3r z drog\u0105 powiatow\u0105 nr &#8230;<\/p>\n","protected":false},"author":1,"featured_media":1396,"comment_status":"open","ping_status":"open","sticky":false,"template":"","format":"standard","meta":[],"categories":[73,74],"tags":[39,153,151,152],"_links":{"self":[{"href":"http:\/\/grzegorznieradka.pl\/index.php\/wp-json\/wp\/v2\/posts\/1395"}],"collection":[{"href":"http:\/\/grzegorznieradka.pl\/index.php\/wp-json\/wp\/v2\/posts"}],"about":[{"href":"http:\/\/grzegorznieradka.pl\/index.php\/wp-json\/wp\/v2\/types\/post"}],"author":[{"embeddable":true,"href":"http:\/\/grzegorznieradka.pl\/index.php\/wp-json\/wp\/v2\/users\/1"}],"replies":[{"embeddable":true,"href":"http:\/\/grzegorznieradka.pl\/index.php\/wp-json\/wp\/v2\/comments?post=1395"}],"version-history":[{"count":5,"href":"http:\/\/grzegorznieradka.pl\/index.php\/wp-json\/wp\/v2\/posts\/1395\/revisions"}],"predecessor-version":[{"id":1404,"href":"http:\/\/grzegorznieradka.pl\/index.php\/wp-json\/wp\/v2\/posts\/1395\/revisions\/1404"}],"wp:featuredmedia":[{"embeddable":true,"href":"http:\/\/grzegorznieradka.pl\/index.php\/wp-json\/wp\/v2\/media\/1396"}],"wp:attachment":[{"href":"http:\/\/grzegorznieradka.pl\/index.php\/wp-json\/wp\/v2\/media?parent=1395"}],"wp:term":[{"taxonomy":"category","embeddable":true,"href":"http:\/\/grzegorznieradka.pl\/index.php\/wp-json\/wp\/v2\/categories?post=1395"},{"taxonomy":"post_tag","embeddable":true,"href":"http:\/\/grzegorznieradka.pl\/index.php\/wp-json\/wp\/v2\/tags?post=1395"}],"curies":[{"name":"wp","href":"https:\/\/api.w.org\/{rel}","templated":true}]}}