{"id":1431,"date":"2015-07-30T17:09:42","date_gmt":"2015-07-30T15:09:42","guid":{"rendered":"http:\/\/grzegorznieradka.pl\/?p=1431"},"modified":"2015-07-30T17:09:42","modified_gmt":"2015-07-30T15:09:42","slug":"radny-grzegorz-nieradka-przeznaczyl-diete-na-zakup-ksiazek-dla-biblioteki","status":"publish","type":"post","link":"http:\/\/grzegorznieradka.pl\/index.php\/2015\/07\/30\/radny-grzegorz-nieradka-przeznaczyl-diete-na-zakup-ksiazek-dla-biblioteki\/","title":{"rendered":"Radny Grzegorz Nieradka przeznaczy\u0142 diet\u0119 na zakup ksi\u0105\u017cek dla biblioteki"},"content":{"rendered":"<p style=\"text-align: justify;\"><strong>Radny Grzegorz Nieradka swoj\u0105 diet\u0119 z miesi\u0105ca czerwca przeznaczy\u0142 na zakup kilku ekskluzywnie wydanych ksi\u0105\u017cek, kt\u00f3re przekaza\u0142 Gminnej Bibliotece Publicznej w Iwoniczu-Zdroju (filia w Iwoniczu).\u00a0<\/strong><\/p>\n<p style=\"text-align: justify;\">&#8211; W ten spos\u00f3b chcia\u0142em nie tylko ubogaci\u0107 biblioteczny ksi\u0119gozbi\u00f3r w ekskluzywnie wydane pozycje, ale zwr\u00f3ci\u0107 uwag\u0119 na fakt niedoinwestowania wszystkich trzech filii Gminnej Biblioteki Publicznej w Iwoniczu-Zdroju &#8211; m\u00f3wi\u00a0Grzegorz Nieradka.<\/p>\n<p style=\"text-align: justify;\">W\u015br\u00f3d ksi\u0105\u017cek zakupionych przez radnego znalaz\u0142y si\u0119 nast\u0119puj\u0105ce dzia\u0142a polskiej literatury:<\/p>\n<p style=\"text-align: justify;\">&#8211; &#8222;Nowele i opowiadania&#8221; Marii Konopnickiej,<\/p>\n<p style=\"text-align: justify;\">&#8211; &#8222;Nowele i opowiadania&#8221; Henryka Sienkiewicza,<\/p>\n<p style=\"text-align: justify;\">&#8211; &#8222;Dzie\u0142a wybrane&#8221; Jana Kochanowskiego (Fraszki, Pie\u015bni, Psa\u0142terz Dawidowy, Treny, Odprawa pos\u0142\u00f3w Greckich),<\/p>\n<p style=\"text-align: justify;\">&#8211; &#8222;Przestrogi dla Polski&#8221; Stanis\u0142awa Staszica.<\/p>\n<p style=\"text-align: justify;\">Przekazanie ksi\u0105\u017cek iwonickiej bibliotece by\u0142o r\u00f3wnie\u017c okazj\u0105 do rozmowy z jej pracownikiem. Brak finansowania na odpowiednim poziomie stanowi zasadniczy problem wszystkich filii Gminnej Biblioteki Publicznej. Grzegorz Nieradka, kt\u00f3ry pracuje w Komisji O\u015bwiaty, Kultury, Zdrowia i Kultury Fizycznej obieca\u0142 przedstawi\u0107 t\u0119 spraw\u0119 przewodnicz\u0105cemu celem wystosowania odpowiedniego wniosku do w\u0142adz Gminy Iwonicz-Zdr\u00f3j.<\/p>\n","protected":false},"excerpt":{"rendered":"<p>Radny Grzegorz Nieradka swoj\u0105 diet\u0119 z miesi\u0105ca czerwca przeznaczy\u0142 na zakup kilku ekskluzywnie wydanych ksi\u0105\u017cek, kt\u00f3re przekaza\u0142 Gminnej Bibliotece Publicznej &#8230;<\/p>\n","protected":false},"author":1,"featured_media":1432,"comment_status":"open","ping_status":"open","sticky":false,"template":"","format":"standard","meta":[],"categories":[73,74],"tags":[174,39,173],"_links":{"self":[{"href":"http:\/\/grzegorznieradka.pl\/index.php\/wp-json\/wp\/v2\/posts\/1431"}],"collection":[{"href":"http:\/\/grzegorznieradka.pl\/index.php\/wp-json\/wp\/v2\/posts"}],"about":[{"href":"http:\/\/grzegorznieradka.pl\/index.php\/wp-json\/wp\/v2\/types\/post"}],"author":[{"embeddable":true,"href":"http:\/\/grzegorznieradka.pl\/index.php\/wp-json\/wp\/v2\/users\/1"}],"replies":[{"embeddable":true,"href":"http:\/\/grzegorznieradka.pl\/index.php\/wp-json\/wp\/v2\/comments?post=1431"}],"version-history":[{"count":1,"href":"http:\/\/grzegorznieradka.pl\/index.php\/wp-json\/wp\/v2\/posts\/1431\/revisions"}],"predecessor-version":[{"id":1433,"href":"http:\/\/grzegorznieradka.pl\/index.php\/wp-json\/wp\/v2\/posts\/1431\/revisions\/1433"}],"wp:featuredmedia":[{"embeddable":true,"href":"http:\/\/grzegorznieradka.pl\/index.php\/wp-json\/wp\/v2\/media\/1432"}],"wp:attachment":[{"href":"http:\/\/grzegorznieradka.pl\/index.php\/wp-json\/wp\/v2\/media?parent=1431"}],"wp:term":[{"taxonomy":"category","embeddable":true,"href":"http:\/\/grzegorznieradka.pl\/index.php\/wp-json\/wp\/v2\/categories?post=1431"},{"taxonomy":"post_tag","embeddable":true,"href":"http:\/\/grzegorznieradka.pl\/index.php\/wp-json\/wp\/v2\/tags?post=1431"}],"curies":[{"name":"wp","href":"https:\/\/api.w.org\/{rel}","templated":true}]}}