{"id":1434,"date":"2015-07-30T23:19:46","date_gmt":"2015-07-30T21:19:46","guid":{"rendered":"http:\/\/grzegorznieradka.pl\/?p=1434"},"modified":"2015-07-30T23:19:46","modified_gmt":"2015-07-30T21:19:46","slug":"sprawozdanie-z-dzialalnosci-radnego-grzegorza-nieradki","status":"publish","type":"post","link":"http:\/\/grzegorznieradka.pl\/index.php\/2015\/07\/30\/sprawozdanie-z-dzialalnosci-radnego-grzegorza-nieradki\/","title":{"rendered":"Sprawozdanie z dzia\u0142alno\u015bci Radnego Grzegorza Nieradki"},"content":{"rendered":"<p style=\"text-align: justify;\"><em>&#8222;Dnia 1 lipca min\u0119\u0142o dok\u0142adnie siedem miesi\u0119cy od momentu zaprzysi\u0119\u017cenia Rady Miejskiej w Iwoniczu-Zdroju VII kadencji. Uzna\u0142em, \u017ce na tym etapie Pa\u0144stwu jako mieszka\u0144com, kt\u00f3rzy oddali na mnie sw\u00f3j g\u0142os, nale\u017cy si\u0119 przynajmniej kr\u00f3tkie sprawozdanie z minionego okresu mojej aktywno\u015bci na\u00a0 rzecz okr\u0119gu nr 8, z kt\u00f3rego zosta\u0142em wybrany na radnego oraz na rzecz Iwonicza i ca\u0142ej Gminy Iwonicz-Zdr\u00f3j&#8221;.\u00a0<\/em><\/p>\n<p style=\"text-align: justify;\">Tymi s\u0142owami Radny Grzegorz Nieradka rozpoczyna sw\u00f3j list do mieszka\u0144c\u00f3w Gminy Iwonicz-Zdr\u00f3j, w kt\u00f3rym dokonuje podsumowania pierwszych siedmiu miesi\u0119cy swojej dzia\u0142alno\u015bci radnego VII kadencji Rady Miejskiej w Iwoniczu-Zdroju. Poni\u017cej publikujemy pe\u0142n\u0105 tre\u015b\u0107 sprawozdania.<\/p>\n<p style=\"text-align: justify;\"><a href=\"http:\/\/grzegorznieradka.pl\/wp-content\/uploads\/2015\/07\/Sprawozdanie-1.jpg\"><img decoding=\"async\" loading=\"lazy\" class=\"alignnone size-full wp-image-1435\" src=\"http:\/\/grzegorznieradka.pl\/wp-content\/uploads\/2015\/07\/Sprawozdanie-1.jpg\" alt=\"Sprawozdanie 1\" width=\"2264\" height=\"3196\" srcset=\"http:\/\/grzegorznieradka.pl\/wp-content\/uploads\/2015\/07\/Sprawozdanie-1.jpg 2264w, http:\/\/grzegorznieradka.pl\/wp-content\/uploads\/2015\/07\/Sprawozdanie-1-213x300.jpg 213w, http:\/\/grzegorznieradka.pl\/wp-content\/uploads\/2015\/07\/Sprawozdanie-1-725x1024.jpg 725w\" sizes=\"(max-width: 2264px) 100vw, 2264px\" \/><\/a><\/p>\n<p>&nbsp;<\/p>\n","protected":false},"excerpt":{"rendered":"<p>&#8222;Dnia 1 lipca min\u0119\u0142o dok\u0142adnie siedem miesi\u0119cy od momentu zaprzysi\u0119\u017cenia Rady Miejskiej w Iwoniczu-Zdroju VII kadencji. Uzna\u0142em, \u017ce na tym &#8230;<\/p>\n","protected":false},"author":1,"featured_media":1436,"comment_status":"open","ping_status":"open","sticky":false,"template":"","format":"standard","meta":[],"categories":[73,74],"tags":[39,176,175],"_links":{"self":[{"href":"http:\/\/grzegorznieradka.pl\/index.php\/wp-json\/wp\/v2\/posts\/1434"}],"collection":[{"href":"http:\/\/grzegorznieradka.pl\/index.php\/wp-json\/wp\/v2\/posts"}],"about":[{"href":"http:\/\/grzegorznieradka.pl\/index.php\/wp-json\/wp\/v2\/types\/post"}],"author":[{"embeddable":true,"href":"http:\/\/grzegorznieradka.pl\/index.php\/wp-json\/wp\/v2\/users\/1"}],"replies":[{"embeddable":true,"href":"http:\/\/grzegorznieradka.pl\/index.php\/wp-json\/wp\/v2\/comments?post=1434"}],"version-history":[{"count":1,"href":"http:\/\/grzegorznieradka.pl\/index.php\/wp-json\/wp\/v2\/posts\/1434\/revisions"}],"predecessor-version":[{"id":1437,"href":"http:\/\/grzegorznieradka.pl\/index.php\/wp-json\/wp\/v2\/posts\/1434\/revisions\/1437"}],"wp:featuredmedia":[{"embeddable":true,"href":"http:\/\/grzegorznieradka.pl\/index.php\/wp-json\/wp\/v2\/media\/1436"}],"wp:attachment":[{"href":"http:\/\/grzegorznieradka.pl\/index.php\/wp-json\/wp\/v2\/media?parent=1434"}],"wp:term":[{"taxonomy":"category","embeddable":true,"href":"http:\/\/grzegorznieradka.pl\/index.php\/wp-json\/wp\/v2\/categories?post=1434"},{"taxonomy":"post_tag","embeddable":true,"href":"http:\/\/grzegorznieradka.pl\/index.php\/wp-json\/wp\/v2\/tags?post=1434"}],"curies":[{"name":"wp","href":"https:\/\/api.w.org\/{rel}","templated":true}]}}