{"id":1438,"date":"2015-07-31T16:37:26","date_gmt":"2015-07-31T14:37:26","guid":{"rendered":"http:\/\/grzegorznieradka.pl\/?p=1438"},"modified":"2015-07-31T16:37:26","modified_gmt":"2015-07-31T14:37:26","slug":"warszawo-walcz-63-dni-chwaly","status":"publish","type":"post","link":"http:\/\/grzegorznieradka.pl\/index.php\/2015\/07\/31\/warszawo-walcz-63-dni-chwaly\/","title":{"rendered":"Warszawo walcz! 63 Dni Chwa\u0142y"},"content":{"rendered":"<p style=\"text-align: justify;\"><strong>Miesi\u0105c sierpie\u0144 obfituje w szereg wielkich rocznic narodowych. To 1 sierpnia 1944 roku wybuch\u0142o Powstanie Warszawskie, 15 sierpnia 1920 roku Polacy powstrzymali nawa\u0142\u0119 bolszewick\u0105, nios\u0105c\u0105 gwa\u0142t, \u015bmier\u0107 i ateizm, a 31 sierpnia 1980 roku podpisane zosta\u0142y tzw. porozumienia sierpniowe b\u0119d\u0105ce sukcesem rodz\u0105cej si\u0119 \u201eSolidarno\u015bci\u201d. <\/strong><\/p>\n<p style=\"text-align: justify;\">Pierwszego sierpnia tego roku obchodzimy 71. rocznic\u0119 wybuchu Powstania Warszawskiego. O godzinie 17.00 (Godzina \u201eW\u201d) w ca\u0142ej Polsce zabrzmi\u0105 syreny, a Polacy zatrzymaj\u0105 si\u0119, aby odda\u0107 ho\u0142d niez\u0142omnym mieszka\u0144com Stolicy. Utworzone z inicjatywy \u00f3wczesnego prezydenta Warszawy, prof. Lecha Kaczy\u0144skiego Muzeum Powstania Warszawskiego, do p\u00f3\u017anych godzin nocnych udost\u0119pnia\u0107 b\u0119dzie zwiedzaj\u0105cym sw\u0105 bogat\u0105 ekspozycj\u0119.<\/p>\n<p style=\"text-align: justify;\"><strong>63 Dni Chwa\u0142y <\/strong><\/p>\n<p style=\"text-align: justify;\">Ju\u017c pierwszego dnia powstania poleg\u0142o oko\u0142o dw\u00f3ch tys. Polak\u00f3w i p\u00f3\u0142 tys. Niemc\u00f3w, czego powodem by\u0142y ogromne dysproporcje w uzbrojeniu. Brak pomocy ze strony sojusznik\u00f3w sprawia\u0142, \u017ce Warszawiacy mogli liczy\u0107 tylko na siebie. Walcz\u0105cy ju\u017c wtedy z Hitlerem sowieci stali natomiast u bram polskiej stolicy czekaj\u0105c, a\u017c Warszawa ca\u0142kowicie si\u0119 wykrwawi i zachowuj\u0105c si\u0119 tak, jak gdyby pakt Ribbentrop-Mo\u0142otow nadal obowi\u0105zywa\u0142.<\/p>\n<p style=\"text-align: justify;\">Nale\u017cy pami\u0119ta\u0107, \u017ce zaci\u0119te walki toczy\u0142y si\u0119 o ka\u017cd\u0105 ulic\u0119 i niemal ka\u017cd\u0105 kamienic\u0119. Dow\u00f3dztwo Armii Krajowej planowa\u0142o samodzielnie wyzwoli\u0107 stolic\u0119 jeszcze przed wkroczeniem ludob\u00f3jczej Armii Czerwonej, licz\u0105c, \u017ce uda si\u0119 w ten spos\u00f3b poprawi\u0107 mi\u0119dzynarodow\u0105 pozycj\u0119 legalnego rz\u0105du Rzeczypospolitej Polskiej oraz zahamowa\u0107 realizowany przez Stalina proces sowietyzacji Polski. W trakcie dwumiesi\u0119cznych walk straty wojsk polskich wynios\u0142y oko\u0142o 16 tys. zabitych i zaginionych, 20 tys. rannych i 15 tys. wzi\u0119tych do niewoli. W wyniku nalot\u00f3w, ostrza\u0142u artyleryjskiego, ci\u0119\u017ckich warunk\u00f3w bytowych oraz masakr urz\u0105dzanych przez oddzia\u0142y niemieckie zgin\u0119\u0142o 200 tys. cywilnych mieszka\u0144c\u00f3w stolicy, co by\u0142o realizacj\u0105 bezpo\u015bredniego rozkazu Hitlera. Przyw\u00f3dca III Rzeszy, na wie\u015b\u0107 o wybuchu powstania, wyda\u0142 ustny rozkaz zr\u00f3wnania Warszawy z ziemi\u0105 i wymordowania wszystkich jej mieszka\u0144c\u00f3w. Zgodnie z relacj\u0105 Ericha von dem Bach-Zelewskiego rozkaz brzmia\u0142 nast\u0119puj\u0105co: \u201e<em>Ka\u017cdego mieszka\u0144ca nale\u017cy zabi\u0107, nie wolno bra\u0107 \u017cadnych je\u0144c\u00f3w. Warszawa ma by\u0107 zr\u00f3wnana z ziemi\u0105 i w ten spos\u00f3b ma by\u0107 stworzony zastraszaj\u0105cy przyk\u0142ad dla ca\u0142ej Europy<\/em>\u201d.<\/p>\n<p style=\"text-align: justify;\">Cz\u0119sto powtarzane w mediach g\u0142\u00f3wnego nurtu oskar\u017cenia pod adresem dow\u00f3dc\u00f3w powstania, podwa\u017caj\u0105ce zasadno\u015b\u0107 jego wybuchu i poddaj\u0105ce w w\u0105tpliwo\u015b\u0107 sens walki Polak\u00f3w, s\u0105 w istocie antypolsk\u0105 propagand\u0105. Profesor Witold Kie\u017cun \u2013 m\u0142ody w\u00f3wczas uczestnik Powstania Warszawskiego \u2013 w wielu wywiadach wspomina, \u017ce on i jego r\u00f3wie\u015bnicy wr\u0119cz rwali si\u0119 do walki.<\/p>\n<p style=\"text-align: justify;\"><em>&#8211; Ca\u0142e miasto chcia\u0142o walczy\u0107. Mieli\u015bmy do\u015b\u0107 pi\u0119ciu lat publicznych egzekucji, \u0142apanek, g\u0142odu, \u015bmierci gro\u017c\u0105cej za byle co. Tamtego lata czuli\u015bmy, \u017ce musimy walczy\u0107 \u2013 <\/em>m\u00f3wi\u0142 po latach prof. Kie\u017cun, zapewniaj\u0105c, \u017ce nawet bez oficjalnego rozkazu, Warszawiacy si\u0119gn\u0119liby po bro\u0144.<\/p>\n<p style=\"text-align: justify;\">W czasach PRL wydarzenie, jakim by\u0142o Powstanie Warszawskie komuni\u015bci uznawali za bardzo niewygodn\u0105 kart\u0119\u00a0 polskiej historii. Wy\u0142\u0105cznie dzi\u0119ki Warszawiakom, kt\u00f3rym uda\u0142o si\u0119 prze\u017cy\u0107 powstanie i przekaza\u0107 wiedz\u0119 o nim kolejnym pokoleniom Polak\u00f3w, \u015bwiadomo\u015b\u0107 o dokonaniach bohater\u00f3w z okresu 1 sierpnia \u2013 2 pa\u017adziernika 1944 przetrwa\u0142a do naszych czas\u00f3w.<\/p>\n<p style=\"text-align: justify;\"><strong>Grzegorz Nieradka <\/strong><\/p>\n","protected":false},"excerpt":{"rendered":"<p>Miesi\u0105c sierpie\u0144 obfituje w szereg wielkich rocznic narodowych. To 1 sierpnia 1944 roku wybuch\u0142o Powstanie Warszawskie, 15 sierpnia 1920 roku &#8230;<\/p>\n","protected":false},"author":1,"featured_media":1439,"comment_status":"open","ping_status":"open","sticky":false,"template":"","format":"standard","meta":[],"categories":[71],"tags":[178,39,177],"_links":{"self":[{"href":"http:\/\/grzegorznieradka.pl\/index.php\/wp-json\/wp\/v2\/posts\/1438"}],"collection":[{"href":"http:\/\/grzegorznieradka.pl\/index.php\/wp-json\/wp\/v2\/posts"}],"about":[{"href":"http:\/\/grzegorznieradka.pl\/index.php\/wp-json\/wp\/v2\/types\/post"}],"author":[{"embeddable":true,"href":"http:\/\/grzegorznieradka.pl\/index.php\/wp-json\/wp\/v2\/users\/1"}],"replies":[{"embeddable":true,"href":"http:\/\/grzegorznieradka.pl\/index.php\/wp-json\/wp\/v2\/comments?post=1438"}],"version-history":[{"count":1,"href":"http:\/\/grzegorznieradka.pl\/index.php\/wp-json\/wp\/v2\/posts\/1438\/revisions"}],"predecessor-version":[{"id":1440,"href":"http:\/\/grzegorznieradka.pl\/index.php\/wp-json\/wp\/v2\/posts\/1438\/revisions\/1440"}],"wp:featuredmedia":[{"embeddable":true,"href":"http:\/\/grzegorznieradka.pl\/index.php\/wp-json\/wp\/v2\/media\/1439"}],"wp:attachment":[{"href":"http:\/\/grzegorznieradka.pl\/index.php\/wp-json\/wp\/v2\/media?parent=1438"}],"wp:term":[{"taxonomy":"category","embeddable":true,"href":"http:\/\/grzegorznieradka.pl\/index.php\/wp-json\/wp\/v2\/categories?post=1438"},{"taxonomy":"post_tag","embeddable":true,"href":"http:\/\/grzegorznieradka.pl\/index.php\/wp-json\/wp\/v2\/tags?post=1438"}],"curies":[{"name":"wp","href":"https:\/\/api.w.org\/{rel}","templated":true}]}}