{"id":1538,"date":"2015-08-21T19:56:13","date_gmt":"2015-08-21T17:56:13","guid":{"rendered":"http:\/\/grzegorznieradka.pl\/?p=1538"},"modified":"2015-08-21T19:56:13","modified_gmt":"2015-08-21T17:56:13","slug":"pod-bezpiecznym-dachem-dom-zakonu-bonifratrow-w-iwoniczu","status":"publish","type":"post","link":"http:\/\/grzegorznieradka.pl\/index.php\/2015\/08\/21\/pod-bezpiecznym-dachem-dom-zakonu-bonifratrow-w-iwoniczu\/","title":{"rendered":"Pod Bezpiecznym Dachem. Dom Zakonu Bonifratr\u00f3w w Iwoniczu"},"content":{"rendered":"<p style=\"text-align: justify;\">W Iwoniczu dobieg\u0142 ko\u0144ca projekt &#8222;Pod Bezpiecznym Dachem&#8221; &#8211; innowacyjny rozw\u00f3j infrastruktury DPS w Iwoniczu. Projekt by\u0142 wsp\u00f3\u0142finansowany przez Szwajcari\u0119 w ramach Szwajcarskiego Programu Wsp\u00f3\u0142pracy z Nowymi Krajami Cz\u0142onkowskimi Unii Europejskiej.<\/p>\n<p style=\"text-align: justify;\">Efekty mo\u017cna zobaczy\u0107 na filmie zrealizowanym przez studioKARD Wojciech Mrozek. S\u0142awek, jeden z mieszka\u0144c\u00f3w Domu Pomocy Spo\u0142ecznej Zakonu Bonifratr\u00f3w, oprowadza po wszystkich zakamarkach i prezentuje dzie\u0144 z \u017cycia pracownik\u00f3w i mieszka\u0144c\u00f3w Domu. Aby obejrze\u0107 film, kliknij <a href=\"https:\/\/www.youtube.com\/watch?v=9KW9JmrUESE\">TUTAJ<\/a>.<\/p>\n","protected":false},"excerpt":{"rendered":"<p>W Iwoniczu dobieg\u0142 ko\u0144ca projekt &#8222;Pod Bezpiecznym Dachem&#8221; &#8211; innowacyjny rozw\u00f3j infrastruktury DPS w Iwoniczu. Projekt by\u0142 wsp\u00f3\u0142finansowany przez Szwajcari\u0119 &#8230;<\/p>\n","protected":false},"author":1,"featured_media":1539,"comment_status":"open","ping_status":"open","sticky":false,"template":"","format":"standard","meta":[],"categories":[73,72],"tags":[205,206,204],"_links":{"self":[{"href":"http:\/\/grzegorznieradka.pl\/index.php\/wp-json\/wp\/v2\/posts\/1538"}],"collection":[{"href":"http:\/\/grzegorznieradka.pl\/index.php\/wp-json\/wp\/v2\/posts"}],"about":[{"href":"http:\/\/grzegorznieradka.pl\/index.php\/wp-json\/wp\/v2\/types\/post"}],"author":[{"embeddable":true,"href":"http:\/\/grzegorznieradka.pl\/index.php\/wp-json\/wp\/v2\/users\/1"}],"replies":[{"embeddable":true,"href":"http:\/\/grzegorznieradka.pl\/index.php\/wp-json\/wp\/v2\/comments?post=1538"}],"version-history":[{"count":1,"href":"http:\/\/grzegorznieradka.pl\/index.php\/wp-json\/wp\/v2\/posts\/1538\/revisions"}],"predecessor-version":[{"id":1540,"href":"http:\/\/grzegorznieradka.pl\/index.php\/wp-json\/wp\/v2\/posts\/1538\/revisions\/1540"}],"wp:featuredmedia":[{"embeddable":true,"href":"http:\/\/grzegorznieradka.pl\/index.php\/wp-json\/wp\/v2\/media\/1539"}],"wp:attachment":[{"href":"http:\/\/grzegorznieradka.pl\/index.php\/wp-json\/wp\/v2\/media?parent=1538"}],"wp:term":[{"taxonomy":"category","embeddable":true,"href":"http:\/\/grzegorznieradka.pl\/index.php\/wp-json\/wp\/v2\/categories?post=1538"},{"taxonomy":"post_tag","embeddable":true,"href":"http:\/\/grzegorznieradka.pl\/index.php\/wp-json\/wp\/v2\/tags?post=1538"}],"curies":[{"name":"wp","href":"https:\/\/api.w.org\/{rel}","templated":true}]}}