{"id":1542,"date":"2015-08-21T21:03:16","date_gmt":"2015-08-21T19:03:16","guid":{"rendered":"http:\/\/grzegorznieradka.pl\/?p=1542"},"modified":"2015-08-21T21:16:07","modified_gmt":"2015-08-21T19:16:07","slug":"dzisiaj-maria-kaczynska-obchodzilaby-urodziny","status":"publish","type":"post","link":"http:\/\/grzegorznieradka.pl\/index.php\/2015\/08\/21\/dzisiaj-maria-kaczynska-obchodzilaby-urodziny\/","title":{"rendered":"Dzisiaj Maria Kaczy\u0144ska obchodzi\u0142aby urodziny"},"content":{"rendered":"<p style=\"text-align: justify;\"><strong>Ciep\u0142a, m\u0105dra, wspania\u0142a, wra\u017cliwa, uczynna. Te cechy podkre\u015blaj\u0105 wszyscy, kt\u00f3rzy znali Mari\u0119 Kaczy\u0144sk\u0105. Gdyby \u017cy\u0142a, dzisiaj \u015bwi\u0119towa\u0142aby swoje\u00a0urodziny.<\/strong><\/p>\n<p style=\"text-align: justify;\">Maria Helena Mackiewicz urodzi\u0142a si\u0119 21 sierpnia 1942 r.\u00a0w Machowie. Jej rodzina pochodzi\u0142a\u00a0z Wile\u0144szczyzny. Ojciec walczy\u0142\u00a0w Armii\u00a0Krajowej,\u00a0a jego bracia jeden\u00a0w\u00a0szeregach\u00a0II\u00a0Korpusu\u00a0gen.\u00a0W\u0142adys\u0142awa Andersa\u00a0pod Monte Cassino,\u00a0drugi zosta\u0142 zamordowany przez\u00a0NKWD\u00a0w\u00a0Katyniu. Jej ostania podr\u00f3\u017c mia\u0142a by\u0107 uczczeniem pami\u0119ci wszystkich ofiar, kt\u00f3re\u00a0tam\u00a0zgin\u0119\u0142y.<\/p>\n<p style=\"text-align: justify;\">Gdy\u00a0w 2005 roku\u00a0prof. Lech Kaczy\u0144ski zosta\u0142\u00a0Prezydentem Rzeczypospolitej Polskiej,\u00a0ona sta\u0142a si\u0119 Pierwsz\u0105 Dam\u0105. Prawdziw\u0105 Dam\u0105 Polski, wspania\u0142\u0105 kobiet\u0105.\u00a0<strong>W kwietniu 2008\u00a0r. imieniem\u00a0i nazwiskiem Marii Kaczy\u0144skiej oficjalnie nazwano now\u0105 odmian\u0119 tulipana. By\u0142a pierwsz\u0105 osobisto\u015bci\u0105\u00a0z Polski, kt\u00f3ra zosta\u0142a\u00a0tak wyj\u0105tkowo\u00a0uhonorowana.<\/strong><\/p>\n<p style=\"text-align: justify;\">Ca\u0142ym sercem anga\u017cowa\u0142a si\u0119\u00a0w dzia\u0142alno\u015b\u0107 spo\u0142eczn\u0105\u00a0i charytatywn\u0105. Z\u00a0wykszta\u0142cenia\u00a0by\u0142a ekonomistk\u0105\u00a0i w\u0142ada\u0142a a\u017c pi\u0119cioma j\u0119zykami obcymi. Maria Kaczy\u0144ska s\u0142yn\u0119\u0142a\u00a0z wielkiej \u0142agodno\u015bci\u00a0i\u00a0dobrego, spokojnego charakteru, kt\u00f3ry sprawia\u0142, \u017ce ludzie lgn\u0119li\u00a0do niej\u00a0i bardzo ch\u0119tnie przebywali\u00a0w Jej towarzystwie.<\/p>\n<p style=\"text-align: justify;\">Za swoj\u0105 wybitn\u0105 dzia\u0142alno\u015b\u0107 zosta\u0142a odznaczona orderami:<\/p>\n<p style=\"text-align: justify;\">&#8211; Krzy\u017c Wielki Orderu Odrodzenia Polski (przyznany po\u015bmiertnie, postanowieniem marsza\u0142ka Sejmu Bronis\u0142awa Komorowskiego\u00a0z 16 kwietnia 2010 r.\u00a0\u201eza wybitne zas\u0142ugi\u00a0w\u00a0s\u0142u\u017cbie\u00a0pa\u0144stwu\u00a0i\u00a0spo\u0142ecze\u0144stwu\u201d)<\/p>\n<p style=\"text-align: justify;\">&#8211; Krzy\u017c Wielki Orderu Witolda Wielkiego (15 kwietnia 2009,\u00a0Litwa)<\/p>\n<p style=\"text-align: justify;\">&#8211; Krzy\u017c Wielki Orderu Infanta Henryka (1 wrze\u015bnia 2008,\u00a0Portugalia)<\/p>\n<p style=\"text-align: justify;\">&#8211; Krzy\u017c Wielki\u00a0dla Damy Orderu Zas\u0142ugi Zakonu Malta\u0144skiego (14 maja\u00a02007)<\/p>\n<p style=\"text-align: justify;\"><strong>Maria Kaczy\u0144ska zgin\u0119\u0142a wraz\u00a0z\u00a0m\u0119\u017cem\u00a0i\u00a094 innymi osobami,\u00a0w\u00a0czasie<\/strong>\u00a0<strong>lotu\u00a0do\u00a0Smole\u0144ska 10 kwietnia 2010\u00a0roku.\u00a0<\/strong><strong>Na zawsze pozostanie w naszej pami\u0119ci.\u00a0<\/strong><\/p>\n<p><iframe loading=\"lazy\" src=\"https:\/\/www.youtube.com\/embed\/ADbZzt-wiPo\" width=\"560\" height=\"315\" frameborder=\"0\" allowfullscreen=\"allowfullscreen\"><\/iframe><\/p>\n","protected":false},"excerpt":{"rendered":"<p>Ciep\u0142a, m\u0105dra, wspania\u0142a, wra\u017cliwa, uczynna. Te cechy podkre\u015blaj\u0105 wszyscy, kt\u00f3rzy znali Mari\u0119 Kaczy\u0144sk\u0105. Gdyby \u017cy\u0142a, dzisiaj \u015bwi\u0119towa\u0142aby swoje\u00a0urodziny. Maria Helena &#8230;<\/p>\n","protected":false},"author":1,"featured_media":1543,"comment_status":"open","ping_status":"open","sticky":false,"template":"","format":"standard","meta":[],"categories":[71],"tags":[207,208,138],"_links":{"self":[{"href":"http:\/\/grzegorznieradka.pl\/index.php\/wp-json\/wp\/v2\/posts\/1542"}],"collection":[{"href":"http:\/\/grzegorznieradka.pl\/index.php\/wp-json\/wp\/v2\/posts"}],"about":[{"href":"http:\/\/grzegorznieradka.pl\/index.php\/wp-json\/wp\/v2\/types\/post"}],"author":[{"embeddable":true,"href":"http:\/\/grzegorznieradka.pl\/index.php\/wp-json\/wp\/v2\/users\/1"}],"replies":[{"embeddable":true,"href":"http:\/\/grzegorznieradka.pl\/index.php\/wp-json\/wp\/v2\/comments?post=1542"}],"version-history":[{"count":2,"href":"http:\/\/grzegorznieradka.pl\/index.php\/wp-json\/wp\/v2\/posts\/1542\/revisions"}],"predecessor-version":[{"id":1545,"href":"http:\/\/grzegorznieradka.pl\/index.php\/wp-json\/wp\/v2\/posts\/1542\/revisions\/1545"}],"wp:featuredmedia":[{"embeddable":true,"href":"http:\/\/grzegorznieradka.pl\/index.php\/wp-json\/wp\/v2\/media\/1543"}],"wp:attachment":[{"href":"http:\/\/grzegorznieradka.pl\/index.php\/wp-json\/wp\/v2\/media?parent=1542"}],"wp:term":[{"taxonomy":"category","embeddable":true,"href":"http:\/\/grzegorznieradka.pl\/index.php\/wp-json\/wp\/v2\/categories?post=1542"},{"taxonomy":"post_tag","embeddable":true,"href":"http:\/\/grzegorznieradka.pl\/index.php\/wp-json\/wp\/v2\/tags?post=1542"}],"curies":[{"name":"wp","href":"https:\/\/api.w.org\/{rel}","templated":true}]}}