{"id":1559,"date":"2015-09-06T17:00:41","date_gmt":"2015-09-06T15:00:41","guid":{"rendered":"http:\/\/grzegorznieradka.pl\/?p=1559"},"modified":"2015-09-06T17:00:41","modified_gmt":"2015-09-06T15:00:41","slug":"strefa-ruchu-pieszego-na-zadworze-w-iwoniczu-jest-wniosek-radnego","status":"publish","type":"post","link":"http:\/\/grzegorznieradka.pl\/index.php\/2015\/09\/06\/strefa-ruchu-pieszego-na-zadworze-w-iwoniczu-jest-wniosek-radnego\/","title":{"rendered":"Strefa Ruchu Pieszego na Zadworze w Iwoniczu. Jest wniosek radnego"},"content":{"rendered":"<p style=\"text-align: justify;\">W sobot\u0119, dnia 29 sierpnia 2015 roku mieszka\u0144cy ul. Zadw\u00f3r w Iwoniczu zwr\u00f3cili si\u0119 do radnego Grzegorza Nieradki z pro\u015bb\u0105 o rozwi\u0105zanie problemu nieroztropnego zachowania\u00a0kierowc\u00f3w, kt\u00f3rzy nie zachowuj\u0105c zasad szczeg\u00f3lnej ostro\u017cno\u015bci nara\u017caj\u0105 pieszych u\u017cytkownik\u00f3w dr\u00f3g gminnych na niebezpiecze\u0144stwo.<\/p>\n<p style=\"text-align: justify;\">Wsp\u00f3ln\u0105 decyzj\u0105 mieszka\u0144c\u00f3w i radnego by\u0142o wszcz\u0119cie procedury wyznaczenia tzw. Strefy Ruchu Pieszego na wskazanym obszarze dr\u00f3g gminnych. W strefie tej obowi\u0105zuj\u0105 szczeg\u00f3lne zasady ruchu m.in.: pieszy ma prawo korzysta\u0107 z ca\u0142ej szeroko\u015bci drogi i\u00a0ma bezwzgl\u0119dne pierwsze\u0144stwo przed pojazdami mechanicznymi a dopuszczalna pr\u0119dko\u015b\u0107 pojazdu w tej strefie wynosi 20 km\/h. Cho\u0107 sam fakt pojawienia si\u0119 znak\u00f3w informuj\u0105cych o pocz\u0105tku i ko\u0144cu strefy mo\u017ce nie zagwarantowa\u0107 bezpiecze\u0144stwa, to da niezb\u0119dne narz\u0119dzia policji, kt\u00f3ra o sytuacji zosta\u0142a ju\u017c poinformowana. W tej chwili jednak funkcjonariusze nie mog\u0105 podj\u0105\u0107 interwencji, bo dopuszczalna pr\u0119dko\u015b\u0107 50 km\/h (cho\u0107 \u015bmiertelnie niebezpieczna w warunkach w\u0105skiej i kr\u0119tej drogi) nie jest przekraczana i przepisy nie s\u0105 oficjalnie \u0142amane.<\/p>\n<p style=\"text-align: justify;\">W poniedzia\u0142ek, 31 sierpnia radny Grzegorz Nieradka wyst\u0105pi\u0142 wi\u0119c z wnioskiem do burmistrza Gminy Iwonicz-Zdr\u00f3j oraz odby\u0142 rozmow\u0119 z wiceburmistrzem, przedstawiaj\u0105c oczekiwania mieszka\u0144c\u00f3w. Poni\u017cej publikujemy tre\u015b\u0107 wniosku radnego i z niecierpliwo\u015bci\u0105 czekamy na odpowied\u017a Urz\u0119du Gminy.<\/p>\n<p style=\"text-align: justify;\"><a href=\"http:\/\/grzegorznieradka.pl\/wp-content\/uploads\/2015\/09\/Interpelacja-9.jpg\"><img decoding=\"async\" loading=\"lazy\" class=\"alignnone size-full wp-image-1560\" src=\"http:\/\/grzegorznieradka.pl\/wp-content\/uploads\/2015\/09\/Interpelacja-9.jpg\" alt=\"Interpelacja 9\" width=\"2240\" height=\"3016\" srcset=\"http:\/\/grzegorznieradka.pl\/wp-content\/uploads\/2015\/09\/Interpelacja-9.jpg 2240w, http:\/\/grzegorznieradka.pl\/wp-content\/uploads\/2015\/09\/Interpelacja-9-223x300.jpg 223w, http:\/\/grzegorznieradka.pl\/wp-content\/uploads\/2015\/09\/Interpelacja-9-761x1024.jpg 761w\" sizes=\"(max-width: 2240px) 100vw, 2240px\" \/><\/a><\/p>\n","protected":false},"excerpt":{"rendered":"<p>W sobot\u0119, dnia 29 sierpnia 2015 roku mieszka\u0144cy ul. Zadw\u00f3r w Iwoniczu zwr\u00f3cili si\u0119 do radnego Grzegorza Nieradki z pro\u015bb\u0105 &#8230;<\/p>\n","protected":false},"author":1,"featured_media":1561,"comment_status":"open","ping_status":"open","sticky":false,"template":"","format":"standard","meta":[],"categories":[73,74],"tags":[123,182,215],"_links":{"self":[{"href":"http:\/\/grzegorznieradka.pl\/index.php\/wp-json\/wp\/v2\/posts\/1559"}],"collection":[{"href":"http:\/\/grzegorznieradka.pl\/index.php\/wp-json\/wp\/v2\/posts"}],"about":[{"href":"http:\/\/grzegorznieradka.pl\/index.php\/wp-json\/wp\/v2\/types\/post"}],"author":[{"embeddable":true,"href":"http:\/\/grzegorznieradka.pl\/index.php\/wp-json\/wp\/v2\/users\/1"}],"replies":[{"embeddable":true,"href":"http:\/\/grzegorznieradka.pl\/index.php\/wp-json\/wp\/v2\/comments?post=1559"}],"version-history":[{"count":1,"href":"http:\/\/grzegorznieradka.pl\/index.php\/wp-json\/wp\/v2\/posts\/1559\/revisions"}],"predecessor-version":[{"id":1562,"href":"http:\/\/grzegorznieradka.pl\/index.php\/wp-json\/wp\/v2\/posts\/1559\/revisions\/1562"}],"wp:featuredmedia":[{"embeddable":true,"href":"http:\/\/grzegorznieradka.pl\/index.php\/wp-json\/wp\/v2\/media\/1561"}],"wp:attachment":[{"href":"http:\/\/grzegorznieradka.pl\/index.php\/wp-json\/wp\/v2\/media?parent=1559"}],"wp:term":[{"taxonomy":"category","embeddable":true,"href":"http:\/\/grzegorznieradka.pl\/index.php\/wp-json\/wp\/v2\/categories?post=1559"},{"taxonomy":"post_tag","embeddable":true,"href":"http:\/\/grzegorznieradka.pl\/index.php\/wp-json\/wp\/v2\/tags?post=1559"}],"curies":[{"name":"wp","href":"https:\/\/api.w.org\/{rel}","templated":true}]}}