{"id":1581,"date":"2015-09-18T23:45:23","date_gmt":"2015-09-18T21:45:23","guid":{"rendered":"http:\/\/grzegorznieradka.pl\/?p=1581"},"modified":"2015-09-18T23:52:36","modified_gmt":"2015-09-18T21:52:36","slug":"mieszkancy-ul-zadwor-chca-strefy-ruchu-pieszego","status":"publish","type":"post","link":"http:\/\/grzegorznieradka.pl\/index.php\/2015\/09\/18\/mieszkancy-ul-zadwor-chca-strefy-ruchu-pieszego\/","title":{"rendered":"Mieszka\u0144cy ul. Zadw\u00f3r chc\u0105 Strefy Ruchu Pieszego"},"content":{"rendered":"<p style=\"text-align: justify;\">Dnia 31 sierpnia 2015 r. na wniosek mieszka\u0144c\u00f3w fragmentu ul. Zadw\u00f3r w Iwoniczu (Osiedle Ispak) radny Grzegorz Nieradka skierowa\u0142 pismo do Burmistrza Gminy Iwonicz-Zdr\u00f3j o wyznaczenie na wskazanym terenie tzw. Strefy Ruchu Pieszego. Podstawowym celem wniosku by\u0142o zwi\u0119kszenie bezpiecze\u0144stwa pieszych korzystaj\u0105c z dr\u00f3g gminnych na osiedlu. W odpowiedzi udzielonej radnemu dnia 8 wrze\u015bnia wiceburmistrz wyrazi\u0142 ch\u0119\u0107 zapoznania si\u0119 z opini\u0105 wi\u0119kszej grupy mieszka\u0144c\u00f3w i u\u017cytkownik\u00f3w wzmiankowanej ulicy, dlatego zdecydowa\u0142 o przekazaniu do zaopiniowania wniosku przez Rad\u0119 So\u0142eck\u0105 i poddaniu pod g\u0142osowanie na najbli\u017cszym zebraniu mieszka\u0144c\u00f3w.<\/p>\n<p style=\"text-align: justify;\">Maj\u0105c na uwadze, \u017ce zebrania mieszka\u0144c\u00f3w nie ciesz\u0105 si\u0119 du\u017cym zainteresowaniem, a uczestnicy bior\u0105cy w nim udzia\u0142 mog\u0105 nie zna\u0107 reali\u00f3w Osiedla Ispak, radny Grzegorz Nieradka postanowi\u0142 odwiedzi\u0107 wszystkich mieszka\u0144c\u00f3w, kt\u00f3rych sprawa ta dotyczy i zebra\u0107 podpisy poparcia pod wnioskiem o utworzenie Strefy Ruchu Pieszego. Inicjatywa ta spotka\u0142a si\u0119 z poparciem zdecydowanej wi\u0119kszo\u015bci mieszka\u0144c\u00f3w o czym \u015bwiadczy fakt uzyskania na li\u015bcie podpis\u00f3w niemal wszystkich u\u017cytkownik\u00f3w drogi gminnej na Osiedlu Ispak.<\/p>\n<p style=\"text-align: justify;\">Podczas Sesji Rady Miejskiej w dniu 18 wrze\u015bnia 2015 r. radny Grzegorz Nieradka przedstawi\u0142 burmistrzowi list\u0119 podpis\u00f3w i poprosi\u0142 o wszcz\u0119cie procedury, tj. sporz\u0105dzenia projektu organizacji ruchu ul. Zadw\u00f3r i jego realizacji. Burmistrz zapewni\u0142, \u017ce dzia\u0142ania te zostan\u0105 natychmiast podj\u0119te.<\/p>\n","protected":false},"excerpt":{"rendered":"<p>Dnia 31 sierpnia 2015 r. na wniosek mieszka\u0144c\u00f3w fragmentu ul. Zadw\u00f3r w Iwoniczu (Osiedle Ispak) radny Grzegorz Nieradka skierowa\u0142 pismo &#8230;<\/p>\n","protected":false},"author":1,"featured_media":1582,"comment_status":"open","ping_status":"open","sticky":false,"template":"","format":"standard","meta":[],"categories":[73,74],"tags":[39,224,182],"_links":{"self":[{"href":"http:\/\/grzegorznieradka.pl\/index.php\/wp-json\/wp\/v2\/posts\/1581"}],"collection":[{"href":"http:\/\/grzegorznieradka.pl\/index.php\/wp-json\/wp\/v2\/posts"}],"about":[{"href":"http:\/\/grzegorznieradka.pl\/index.php\/wp-json\/wp\/v2\/types\/post"}],"author":[{"embeddable":true,"href":"http:\/\/grzegorznieradka.pl\/index.php\/wp-json\/wp\/v2\/users\/1"}],"replies":[{"embeddable":true,"href":"http:\/\/grzegorznieradka.pl\/index.php\/wp-json\/wp\/v2\/comments?post=1581"}],"version-history":[{"count":3,"href":"http:\/\/grzegorznieradka.pl\/index.php\/wp-json\/wp\/v2\/posts\/1581\/revisions"}],"predecessor-version":[{"id":1586,"href":"http:\/\/grzegorznieradka.pl\/index.php\/wp-json\/wp\/v2\/posts\/1581\/revisions\/1586"}],"wp:featuredmedia":[{"embeddable":true,"href":"http:\/\/grzegorznieradka.pl\/index.php\/wp-json\/wp\/v2\/media\/1582"}],"wp:attachment":[{"href":"http:\/\/grzegorznieradka.pl\/index.php\/wp-json\/wp\/v2\/media?parent=1581"}],"wp:term":[{"taxonomy":"category","embeddable":true,"href":"http:\/\/grzegorznieradka.pl\/index.php\/wp-json\/wp\/v2\/categories?post=1581"},{"taxonomy":"post_tag","embeddable":true,"href":"http:\/\/grzegorznieradka.pl\/index.php\/wp-json\/wp\/v2\/tags?post=1581"}],"curies":[{"name":"wp","href":"https:\/\/api.w.org\/{rel}","templated":true}]}}