{"id":1597,"date":"2015-09-22T23:59:12","date_gmt":"2015-09-22T21:59:12","guid":{"rendered":"http:\/\/grzegorznieradka.pl\/?p=1597"},"modified":"2015-09-23T00:10:20","modified_gmt":"2015-09-22T22:10:20","slug":"wielka-konwencja-prawa-i-sprawiedliwosci-w-krosnie","status":"publish","type":"post","link":"http:\/\/grzegorznieradka.pl\/index.php\/2015\/09\/22\/wielka-konwencja-prawa-i-sprawiedliwosci-w-krosnie\/","title":{"rendered":"Wielka Konwencja Prawa i Sprawiedliwo\u015bci w Kro\u015bnie"},"content":{"rendered":"<p style=\"text-align: justify;\"><strong>Podczas swojej wizyty na Podkarpaciu, kandydatka Prawa i Sprawiedliwo\u015bci na premiera, spotka\u0142a si\u0119 z mieszka\u0144cami Jasienicy Rosielnej w powiecie Brzozowskim, odwiedzi\u0142a zak\u0142ady AUTOSAN w Sanoku oraz wzi\u0119\u0142a udzia\u0142 w powiatowej konwencji Prawa i Sprawiedliwo\u015bci w Kro\u015bnie. <\/strong><\/p>\n<p style=\"text-align: justify;\">Spotkanie w Kro\u015bnie rozpocz\u0119\u0142o si\u0119 o godz. 18.00 w Sali \u015bw. Ojca Pio nale\u017c\u0105cej do zakonu Kapucyn\u00f3w. Ju\u017c o godz. 17.00 sta\u0142o si\u0119 pewne, \u017ce sala z trudem pomie\u015bci wszystkich uczestnik\u00f3w spotkania, w kt\u00f3rym ostatecznie wzi\u0119\u0142o udzia\u0142 ponad p\u00f3\u0142 tysi\u0105ca mieszka\u0144cy Krosna i powiatu kro\u015bnie\u0144skiego. Konwencj\u0119 rozpocz\u0105\u0142 Prezes Zarz\u0105du Okr\u0119gu nr 22 i wicemarsza\u0142ek Sejmu RP, Marek Kuchci\u0144ski. Powita\u0142 mieszka\u0144c\u00f3w i podzi\u0119kowa\u0142 za liczne przybycie. Nast\u0119pnie g\u0142os zabra\u0142 Pose\u0142 na Sejm RP, Piotr Babinetz, na kt\u00f3rym w znacznej mierze spocz\u0105\u0142 ci\u0119\u017car organizacyjny tego wydarzenia. W swoim przem\u00f3wieniu zwr\u00f3ci\u0142 uwag\u0119 na konieczno\u015b\u0107 wprowadzenia zmian w Polsce przekonuj\u0105c, \u017ce tylko Prawo i Sprawiedliwo\u015b\u0107 ma wystarczaj\u0105co du\u017co determinacji, aby podj\u0105\u0107 si\u0119 tego wielkiego zadania. Wyst\u0105pienie Pos\u0142a Babinetza, kt\u00f3ry po raz kolejny ubiega si\u0119 o mandat do Sejmu RP zosta\u0142o przyj\u0119te z wielkim entuzjazmem. Nast\u0119pnie Marek Kuchci\u0144ski przyst\u0105pi\u0142 do przedstawienia kandydat\u00f3w, kt\u00f3rzy wychodz\u0105c kolejno na scen\u0119 zaprezentowali si\u0119 wyborcom. Warto wspomnie\u0107 tutaj najm\u0142odsz\u0105 kandydatk\u0119 do Sejmu, 27-letni\u0105 Lidi\u0119 Lipk\u0119, kt\u00f3ra w swojej rodzinnej miejscowo\u015bci jest Naczelnikiem Ochotniczej Stra\u017cy Po\u017carnej oraz Prezesem Stowarzyszenia \u201eTroska o Twoj\u0105 Przysz\u0142o\u015b\u0107\u201d.<\/p>\n<p style=\"text-align: justify;\">Po zaprezentowaniu ostatniego kandydata w\u015br\u00f3d burzy oklask\u00f3w oraz okrzyk\u00f3w \u201eBeata\u201d i \u201eZwyci\u0119\u017cymy\u201d na scen\u0119 wesz\u0142a kandydatka Prawa i Sprawiedliwo\u015bci na premiera, Beata Szyd\u0142o. Przechodz\u0105c w\u015br\u00f3d t\u0142umu wiceprezes PiS wita\u0142a si\u0119 z mieszka\u0144cami ziemi kro\u015bnie\u0144skiej i przyjmowa\u0142a \u017cyczenia. W merytorycznym, a zarazem porywaj\u0105cym przem\u00f3wieniu, raz po raz przerywanym brawami, Beata Szyd\u0142o zwraca\u0142a uwag\u0119 na najistotniejsze problemy Polak\u00f3w. Podkre\u015bla\u0142a konieczno\u015b\u0107 rozwijania rodzimego przemys\u0142u i zahamowania wyprzeda\u017cy maj\u0105tku narodowego. Przedstawi\u0142a r\u00f3wnie\u017c przyniesiony przez siebie pakiet gotowych ustaw zapewniaj\u0105c, \u017ce natychmiast po zwyci\u0119skich wyborach trafi\u0105 one do Sejmu.<\/p>\n<p style=\"text-align: justify;\">Na zako\u0144czenie spotkania Gabriela Lipka i radny Grzegorz Nieradka wr\u0119czyli Beacie Szyd\u0142o bukiet kwiat\u00f3w. Grzegorz Nieradka podzi\u0119kowa\u0142 kandydatce PiS na premiera, \u017ce podj\u0119\u0142a si\u0119 trudu tworzenia bia\u0142o-czerwonej dru\u017cyny, podkre\u015blaj\u0105c, \u017ce w Polsce istnieje silna potrzeba odbudowy narodowej wsp\u00f3lnoty. Nast\u0119pnie Beata Szyd\u0142o uda\u0142a si\u0119 na spotkanie z mieszka\u0144cami, podpisuj\u0105c materia\u0142y wyborcze oraz pozuj\u0105c do wsp\u00f3lnych zdj\u0119\u0107. Po konwencji, ju\u017c za zamkni\u0119tymi drzwiami, Beata Szyd\u0142o spotka\u0142a si\u0119\u00a0z przedstawicielami kro\u015bnie\u0144skiego PKS, kt\u00f3ry boryka si\u0119 z powa\u017cnymi problemami. Ten gest jest dowodem autentycznej troski o sprawy obywateli.<\/p>\n<p style=\"text-align: justify;\"><a href=\"http:\/\/grzegorznieradka.pl\/wp-content\/uploads\/2015\/09\/Piotr-Babinetz.jpg\"><img decoding=\"async\" loading=\"lazy\" class=\"alignnone size-full wp-image-1598\" src=\"http:\/\/grzegorznieradka.pl\/wp-content\/uploads\/2015\/09\/Piotr-Babinetz.jpg\" alt=\"Piotr Babinetz\" width=\"1600\" height=\"1200\" srcset=\"http:\/\/grzegorznieradka.pl\/wp-content\/uploads\/2015\/09\/Piotr-Babinetz.jpg 1600w, http:\/\/grzegorznieradka.pl\/wp-content\/uploads\/2015\/09\/Piotr-Babinetz-300x225.jpg 300w, http:\/\/grzegorznieradka.pl\/wp-content\/uploads\/2015\/09\/Piotr-Babinetz-1024x768.jpg 1024w\" sizes=\"(max-width: 1600px) 100vw, 1600px\" \/><\/a><\/p>\n<p style=\"text-align: justify;\"><a href=\"http:\/\/grzegorznieradka.pl\/wp-content\/uploads\/2015\/09\/P9220534.jpg\"><img decoding=\"async\" loading=\"lazy\" class=\"alignnone size-full wp-image-1601\" src=\"http:\/\/grzegorznieradka.pl\/wp-content\/uploads\/2015\/09\/P9220534.jpg\" alt=\"P9220534\" width=\"1600\" height=\"1200\" srcset=\"http:\/\/grzegorznieradka.pl\/wp-content\/uploads\/2015\/09\/P9220534.jpg 1600w, http:\/\/grzegorznieradka.pl\/wp-content\/uploads\/2015\/09\/P9220534-300x225.jpg 300w, http:\/\/grzegorznieradka.pl\/wp-content\/uploads\/2015\/09\/P9220534-1024x768.jpg 1024w\" sizes=\"(max-width: 1600px) 100vw, 1600px\" \/><\/a><\/p>\n<p style=\"text-align: justify;\"><a href=\"http:\/\/grzegorznieradka.pl\/wp-content\/uploads\/2015\/09\/P9220555.jpg\"><img decoding=\"async\" loading=\"lazy\" class=\"alignnone size-full wp-image-1602\" src=\"http:\/\/grzegorznieradka.pl\/wp-content\/uploads\/2015\/09\/P9220555.jpg\" alt=\"P9220555\" width=\"1600\" height=\"1200\" srcset=\"http:\/\/grzegorznieradka.pl\/wp-content\/uploads\/2015\/09\/P9220555.jpg 1600w, http:\/\/grzegorznieradka.pl\/wp-content\/uploads\/2015\/09\/P9220555-300x225.jpg 300w, http:\/\/grzegorznieradka.pl\/wp-content\/uploads\/2015\/09\/P9220555-1024x768.jpg 1024w\" sizes=\"(max-width: 1600px) 100vw, 1600px\" \/><\/a><\/p>\n<p style=\"text-align: justify;\"><a href=\"http:\/\/grzegorznieradka.pl\/wp-content\/uploads\/2015\/09\/P9220557.jpg\"><img decoding=\"async\" loading=\"lazy\" class=\"alignnone size-full wp-image-1604\" src=\"http:\/\/grzegorznieradka.pl\/wp-content\/uploads\/2015\/09\/P9220557.jpg\" alt=\"P9220557\" width=\"1600\" height=\"1200\" srcset=\"http:\/\/grzegorznieradka.pl\/wp-content\/uploads\/2015\/09\/P9220557.jpg 1600w, http:\/\/grzegorznieradka.pl\/wp-content\/uploads\/2015\/09\/P9220557-300x225.jpg 300w, http:\/\/grzegorznieradka.pl\/wp-content\/uploads\/2015\/09\/P9220557-1024x768.jpg 1024w\" sizes=\"(max-width: 1600px) 100vw, 1600px\" \/><\/a><\/p>\n<p style=\"text-align: justify;\"><a href=\"http:\/\/grzegorznieradka.pl\/wp-content\/uploads\/2015\/09\/P9220562.jpg\"><img decoding=\"async\" loading=\"lazy\" class=\"alignnone size-full wp-image-1605\" src=\"http:\/\/grzegorznieradka.pl\/wp-content\/uploads\/2015\/09\/P9220562.jpg\" alt=\"P9220562\" width=\"1600\" height=\"1200\" srcset=\"http:\/\/grzegorznieradka.pl\/wp-content\/uploads\/2015\/09\/P9220562.jpg 1600w, http:\/\/grzegorznieradka.pl\/wp-content\/uploads\/2015\/09\/P9220562-300x225.jpg 300w, http:\/\/grzegorznieradka.pl\/wp-content\/uploads\/2015\/09\/P9220562-1024x768.jpg 1024w\" sizes=\"(max-width: 1600px) 100vw, 1600px\" \/><\/a><\/p>\n","protected":false},"excerpt":{"rendered":"<p>Podczas swojej wizyty na Podkarpaciu, kandydatka Prawa i Sprawiedliwo\u015bci na premiera, spotka\u0142a si\u0119 z mieszka\u0144cami Jasienicy Rosielnej w powiecie Brzozowskim, &#8230;<\/p>\n","protected":false},"author":1,"featured_media":1600,"comment_status":"open","ping_status":"open","sticky":false,"template":"","format":"standard","meta":[],"categories":[72,71],"tags":[229,39,228,49,230],"_links":{"self":[{"href":"http:\/\/grzegorznieradka.pl\/index.php\/wp-json\/wp\/v2\/posts\/1597"}],"collection":[{"href":"http:\/\/grzegorznieradka.pl\/index.php\/wp-json\/wp\/v2\/posts"}],"about":[{"href":"http:\/\/grzegorznieradka.pl\/index.php\/wp-json\/wp\/v2\/types\/post"}],"author":[{"embeddable":true,"href":"http:\/\/grzegorznieradka.pl\/index.php\/wp-json\/wp\/v2\/users\/1"}],"replies":[{"embeddable":true,"href":"http:\/\/grzegorznieradka.pl\/index.php\/wp-json\/wp\/v2\/comments?post=1597"}],"version-history":[{"count":3,"href":"http:\/\/grzegorznieradka.pl\/index.php\/wp-json\/wp\/v2\/posts\/1597\/revisions"}],"predecessor-version":[{"id":1606,"href":"http:\/\/grzegorznieradka.pl\/index.php\/wp-json\/wp\/v2\/posts\/1597\/revisions\/1606"}],"wp:featuredmedia":[{"embeddable":true,"href":"http:\/\/grzegorznieradka.pl\/index.php\/wp-json\/wp\/v2\/media\/1600"}],"wp:attachment":[{"href":"http:\/\/grzegorznieradka.pl\/index.php\/wp-json\/wp\/v2\/media?parent=1597"}],"wp:term":[{"taxonomy":"category","embeddable":true,"href":"http:\/\/grzegorznieradka.pl\/index.php\/wp-json\/wp\/v2\/categories?post=1597"},{"taxonomy":"post_tag","embeddable":true,"href":"http:\/\/grzegorznieradka.pl\/index.php\/wp-json\/wp\/v2\/tags?post=1597"}],"curies":[{"name":"wp","href":"https:\/\/api.w.org\/{rel}","templated":true}]}}