{"id":1614,"date":"2015-10-01T13:57:10","date_gmt":"2015-10-01T11:57:10","guid":{"rendered":"http:\/\/grzegorznieradka.pl\/?p=1614"},"modified":"2015-10-01T13:58:51","modified_gmt":"2015-10-01T11:58:51","slug":"burmistrz-za-a-nawet-przeciw-a-cierpia-mieszkancy","status":"publish","type":"post","link":"http:\/\/grzegorznieradka.pl\/index.php\/2015\/10\/01\/burmistrz-za-a-nawet-przeciw-a-cierpia-mieszkancy\/","title":{"rendered":"Burmistrz \u201eza\u201d a nawet \u201eprzeciw\u201d. A cierpi\u0105 mieszka\u0144cy"},"content":{"rendered":"<p style=\"text-align: justify;\"><strong>Burmistrz \u201eza\u201d a nawet \u201eprzeciw\u201d. Tak najkr\u00f3cej mo\u017cna przedstawi\u0107 stanowisko Burmistrza Gminy Iwonicz-Zdr\u00f3j w sprawie wniosku radnego Grzegorza Nieradki o wyznaczenie Strefy Ruchu Pieszego obejmuj\u0105cej fragment ul. Zadw\u00f3r w Iwoniczu (Osiedle Ispak). <\/strong><\/p>\n<p style=\"text-align: justify;\">Zebranie 30 mieszka\u0144c\u00f3w Iwonicza jest dla Burmistrza bardziej wi\u0105\u017c\u0105ce ni\u017c podpisy blisko 100 mieszka\u0144c\u00f3w Osiedla Ispak, kt\u00f3rych sprawa bezpo\u015brednio dotyczy. Tak wynika z odpowiedzi Burmistrza Gminy Iwonicz-Zdr\u00f3j z dn. 30 wrze\u015bnia 2015 r. udzielonej radnemu Grzegorzowi Nieradce po tym, jak z\u0142o\u017cy\u0142 on w urz\u0119dzie podpisy mieszka\u0144c\u00f3w Osiedla Ispak popieraj\u0105cych wniosek utworzenia tu Strefy Ruchu Pieszego.<\/p>\n<p style=\"text-align: justify;\"><em>&#8211; To jest ignorowanie mieszka\u0144c\u00f3w i ca\u0142kowity brak szacunku dla pracy radnego, kt\u00f3ry podj\u0105\u0142 si\u0119 zebrania podpis\u00f3w i za\u0142atwienia tej wa\u017cnej dla nas sprawy<\/em> \u2013 m\u00f3wi\u0105 zgodnie mieszka\u0144cy ul. Zadw\u00f3r.<\/p>\n<p style=\"text-align: justify;\">Dnia 31 sierpnia 2015 r. radny Nieradka, w imieniu mieszka\u0144c\u00f3w Osiedla Ispak, z\u0142o\u017cy\u0142 wniosek do Burmistrza o wyznaczenie Strefy Ruchu Pieszego. W odpowiedzi udzielonej radnemu dnia 8 wrze\u015bnia wiceburmistrz wyrazi\u0142 ch\u0119\u0107 zapoznania si\u0119 z opini\u0105 wi\u0119kszej grupy mieszka\u0144c\u00f3w i u\u017cytkownik\u00f3w wzmiankowanej ulicy, dlatego zdecydowa\u0142 o przekazaniu do zaopiniowania wniosku przez Rad\u0119 So\u0142eck\u0105 i poddaniu pod g\u0142osowanie na najbli\u017cszym zebraniu mieszka\u0144c\u00f3w.<\/p>\n<p style=\"text-align: justify;\">Maj\u0105c na uwadze, \u017ce zebrania mieszka\u0144c\u00f3w nie ciesz\u0105 si\u0119 du\u017cym zainteresowaniem, a uczestnicy bior\u0105cy w nim udzia\u0142 mog\u0105 nie zna\u0107 reali\u00f3w Osiedla Ispak, radny Grzegorz Nieradka postanowi\u0142 odwiedzi\u0107 wszystkich mieszka\u0144c\u00f3w, kt\u00f3rych sprawa ta dotyczy i zebra\u0107 podpisy poparcia pod wnioskiem o utworzenie Strefy Ruchu Pieszego. Inicjatywa ta spotka\u0142a si\u0119 z poparciem zdecydowanej wi\u0119kszo\u015bci mieszka\u0144c\u00f3w o czym \u015bwiadczy fakt uzyskania na li\u015bcie podpis\u00f3w niemal wszystkich u\u017cytkownik\u00f3w drogi gminnej na Osiedlu Ispak.<\/p>\n<p style=\"text-align: justify;\">Podczas Sesji Rady Miejskiej w dniu 18 wrze\u015bnia 2015 r. radny przedstawi\u0142 burmistrzowi list\u0119 podpis\u00f3w i poprosi\u0142 o wszcz\u0119cie procedury, tj. sporz\u0105dzenia projektu organizacji ruchu ul. Zadw\u00f3r i jego realizacji. Burmistrz zapewni\u0142, \u017ce skoro taka jest wola mieszka\u0144c\u00f3w, dzia\u0142ania te zostan\u0105 natychmiast podj\u0119te, wyra\u017caj\u0105c uznanie dla radnego za podj\u0119cie trudu zebrania tak du\u017cej liczby podpis\u00f3w.<\/p>\n<p style=\"text-align: justify;\">Niestety, s\u0142owne deklaracje Burmistrza okaza\u0142y si\u0119 niewiele warte. Mimo kolejnego pisma z dn. 18 wrze\u015bnia 2015 r. z za\u0142\u0105czonymi podpisami mieszka\u0144c\u00f3w, pisz\u0105cy z upowa\u017cnienia Burmistrza, zast\u0119pca Jacek Rygiel, upiera si\u0119 i podtrzymuje swoje stanowisko i\u017c opinia zebrania wiejskiego b\u0119dzie najbardziej wi\u0105\u017c\u0105c\u0105 deklaracj\u0105 mieszka\u0144c\u00f3w. A co z podpisami blisko stu bezpo\u015brednio zainteresowanych spraw\u0105 mieszka\u0144c\u00f3w? Mo\u017ce jako mniej wi\u0105\u017c\u0105ce zosta\u0142y ju\u017c zmielone?<\/p>\n","protected":false},"excerpt":{"rendered":"<p>Burmistrz \u201eza\u201d a nawet \u201eprzeciw\u201d. Tak najkr\u00f3cej mo\u017cna przedstawi\u0107 stanowisko Burmistrza Gminy Iwonicz-Zdr\u00f3j w sprawie wniosku radnego Grzegorza Nieradki o &#8230;<\/p>\n","protected":false},"author":1,"featured_media":1617,"comment_status":"open","ping_status":"open","sticky":false,"template":"","format":"standard","meta":[],"categories":[73,74],"tags":[232,233,39,215],"_links":{"self":[{"href":"http:\/\/grzegorznieradka.pl\/index.php\/wp-json\/wp\/v2\/posts\/1614"}],"collection":[{"href":"http:\/\/grzegorznieradka.pl\/index.php\/wp-json\/wp\/v2\/posts"}],"about":[{"href":"http:\/\/grzegorznieradka.pl\/index.php\/wp-json\/wp\/v2\/types\/post"}],"author":[{"embeddable":true,"href":"http:\/\/grzegorznieradka.pl\/index.php\/wp-json\/wp\/v2\/users\/1"}],"replies":[{"embeddable":true,"href":"http:\/\/grzegorznieradka.pl\/index.php\/wp-json\/wp\/v2\/comments?post=1614"}],"version-history":[{"count":1,"href":"http:\/\/grzegorznieradka.pl\/index.php\/wp-json\/wp\/v2\/posts\/1614\/revisions"}],"predecessor-version":[{"id":1616,"href":"http:\/\/grzegorznieradka.pl\/index.php\/wp-json\/wp\/v2\/posts\/1614\/revisions\/1616"}],"wp:featuredmedia":[{"embeddable":true,"href":"http:\/\/grzegorznieradka.pl\/index.php\/wp-json\/wp\/v2\/media\/1617"}],"wp:attachment":[{"href":"http:\/\/grzegorznieradka.pl\/index.php\/wp-json\/wp\/v2\/media?parent=1614"}],"wp:term":[{"taxonomy":"category","embeddable":true,"href":"http:\/\/grzegorznieradka.pl\/index.php\/wp-json\/wp\/v2\/categories?post=1614"},{"taxonomy":"post_tag","embeddable":true,"href":"http:\/\/grzegorznieradka.pl\/index.php\/wp-json\/wp\/v2\/tags?post=1614"}],"curies":[{"name":"wp","href":"https:\/\/api.w.org\/{rel}","templated":true}]}}