{"id":1624,"date":"2015-10-15T13:31:04","date_gmt":"2015-10-15T11:31:04","guid":{"rendered":"http:\/\/grzegorznieradka.pl\/?p=1624"},"modified":"2015-10-15T13:35:32","modified_gmt":"2015-10-15T11:35:32","slug":"wielka-gala-koncertowa-w-krosnie","status":"publish","type":"post","link":"http:\/\/grzegorznieradka.pl\/index.php\/2015\/10\/15\/wielka-gala-koncertowa-w-krosnie\/","title":{"rendered":"Wielka Gala Koncertowa w Kro\u015bnie"},"content":{"rendered":"<p style=\"text-align: justify;\">W sobotni wiecz\u00f3r, 3 pa\u017adziernika 2015 r., w ramach \u015awiatowego Festiwalu Sztuki &#8222;Genesis&#8221; Krosno 2015 w Regionalnym Centrum Kultur Pogranicza odby\u0142a si\u0119 Wielka Gala Koncertowa. Organizatorem tego wielkiego kulturalnego i charytatywnego przedsi\u0119wzi\u0119cia by\u0142a p. Kamila Bogacka, Prezes Stowarzyszenia Czy\u0144 Dobro, Mimo Wszystko.<\/p>\n<p style=\"text-align: justify;\">Na zaproszenie Piotra Babinetza, Pos\u0142a na Sejm Rzeczypospolitej Polskiej, sw\u00f3j udzia\u0142 w gali zaznaczy\u0142 Grzegorz Nieradka, Radny Rady Miejskiej w Iwoniczu-Zdroju. Gala koncertowa podzielona by\u0142a na dwie cz\u0119\u015bci.\u00a0W I cz\u0119\u015bci koncertu \u201eOczarowanie\u201d wyst\u0105pi\u0142a Gra\u017cyna Brodzi\u0144ska (sopran) \u2013 Primadonna operetki i musicalu, kt\u00f3rej towarzyszy\u0142a Orkiestra Kameralna pod Dyrekcj\u0105 Tomasza Chmiela. Druga cz\u0119\u015b\u0107 koncertu \u201eVa Pensiero\u201d to Wielkie Ch\u00f3ry Operowe \u2013 Viva Verdi. Wyst\u0105pi\u0142 r\u00f3wnie\u017c Jan Michalak (bas baryton) oraz Reprezentacyjny Ch\u00f3r i Orkiestra Symfoniczna Akademii Muzycznej im. Miko\u0142aja \u0141ysenki we Lwowie, kt\u00f3rej dyrygowa\u0142 Ihor Pylatyuk.\u00a0W przerwie wolontariusze Stowarzyszenia kwestowali na rzecz ch\u0142opca z Moder\u00f3wki, cierpi\u0105cego na pora\u017cenie m\u00f3zgowe.<\/p>\n<p style=\"text-align: justify;\"><a href=\"http:\/\/grzegorznieradka.pl\/wp-content\/uploads\/2015\/10\/DSC_1821.jpg\"><img decoding=\"async\" loading=\"lazy\" class=\"alignnone size-full wp-image-1627\" src=\"http:\/\/grzegorznieradka.pl\/wp-content\/uploads\/2015\/10\/DSC_1821.jpg\" alt=\"DSC_1821\" width=\"6000\" height=\"4000\" srcset=\"http:\/\/grzegorznieradka.pl\/wp-content\/uploads\/2015\/10\/DSC_1821.jpg 6000w, http:\/\/grzegorznieradka.pl\/wp-content\/uploads\/2015\/10\/DSC_1821-300x200.jpg 300w, http:\/\/grzegorznieradka.pl\/wp-content\/uploads\/2015\/10\/DSC_1821-1024x683.jpg 1024w\" sizes=\"(max-width: 6000px) 100vw, 6000px\" \/><\/a><\/p>\n<p style=\"text-align: justify;\"><a href=\"http:\/\/grzegorznieradka.pl\/wp-content\/uploads\/2015\/10\/DSC-v3.jpg\"><img decoding=\"async\" loading=\"lazy\" class=\"alignnone size-full wp-image-1628\" src=\"http:\/\/grzegorznieradka.pl\/wp-content\/uploads\/2015\/10\/DSC-v3.jpg\" alt=\"DSC v3\" width=\"960\" height=\"636\" srcset=\"http:\/\/grzegorznieradka.pl\/wp-content\/uploads\/2015\/10\/DSC-v3.jpg 960w, http:\/\/grzegorznieradka.pl\/wp-content\/uploads\/2015\/10\/DSC-v3-300x199.jpg 300w\" sizes=\"(max-width: 960px) 100vw, 960px\" \/><\/a><\/p>\n<p style=\"text-align: justify;\"><a href=\"http:\/\/grzegorznieradka.pl\/wp-content\/uploads\/2015\/10\/DSC-v4.jpg\"><img decoding=\"async\" loading=\"lazy\" class=\"alignnone size-full wp-image-1629\" src=\"http:\/\/grzegorznieradka.pl\/wp-content\/uploads\/2015\/10\/DSC-v4.jpg\" alt=\"DSC v4\" width=\"960\" height=\"636\" srcset=\"http:\/\/grzegorznieradka.pl\/wp-content\/uploads\/2015\/10\/DSC-v4.jpg 960w, http:\/\/grzegorznieradka.pl\/wp-content\/uploads\/2015\/10\/DSC-v4-300x199.jpg 300w\" sizes=\"(max-width: 960px) 100vw, 960px\" \/><\/a><\/p>\n<p style=\"text-align: justify;\"><a href=\"http:\/\/grzegorznieradka.pl\/wp-content\/uploads\/2015\/10\/DSC-v2.jpg\"><img decoding=\"async\" loading=\"lazy\" class=\"alignnone size-full wp-image-1630\" src=\"http:\/\/grzegorznieradka.pl\/wp-content\/uploads\/2015\/10\/DSC-v2.jpg\" alt=\"DSC v2\" width=\"960\" height=\"636\" srcset=\"http:\/\/grzegorznieradka.pl\/wp-content\/uploads\/2015\/10\/DSC-v2.jpg 960w, http:\/\/grzegorznieradka.pl\/wp-content\/uploads\/2015\/10\/DSC-v2-300x199.jpg 300w\" sizes=\"(max-width: 960px) 100vw, 960px\" \/><\/a><\/p>\n<p style=\"text-align: justify;\"><a href=\"http:\/\/grzegorznieradka.pl\/wp-content\/uploads\/2015\/10\/DSC_1810.jpg\"><img decoding=\"async\" loading=\"lazy\" class=\"alignnone size-full wp-image-1631\" src=\"http:\/\/grzegorznieradka.pl\/wp-content\/uploads\/2015\/10\/DSC_1810.jpg\" alt=\"DSC_1810\" width=\"6000\" height=\"4000\" srcset=\"http:\/\/grzegorznieradka.pl\/wp-content\/uploads\/2015\/10\/DSC_1810.jpg 6000w, http:\/\/grzegorznieradka.pl\/wp-content\/uploads\/2015\/10\/DSC_1810-300x200.jpg 300w, http:\/\/grzegorznieradka.pl\/wp-content\/uploads\/2015\/10\/DSC_1810-1024x683.jpg 1024w\" sizes=\"(max-width: 6000px) 100vw, 6000px\" \/><\/a><\/p>\n","protected":false},"excerpt":{"rendered":"<p>W sobotni wiecz\u00f3r, 3 pa\u017adziernika 2015 r., w ramach \u015awiatowego Festiwalu Sztuki &#8222;Genesis&#8221; Krosno 2015 w Regionalnym Centrum Kultur Pogranicza &#8230;<\/p>\n","protected":false},"author":1,"featured_media":1626,"comment_status":"open","ping_status":"open","sticky":false,"template":"","format":"standard","meta":[],"categories":[72,71],"tags":[39,235,38,234],"_links":{"self":[{"href":"http:\/\/grzegorznieradka.pl\/index.php\/wp-json\/wp\/v2\/posts\/1624"}],"collection":[{"href":"http:\/\/grzegorznieradka.pl\/index.php\/wp-json\/wp\/v2\/posts"}],"about":[{"href":"http:\/\/grzegorznieradka.pl\/index.php\/wp-json\/wp\/v2\/types\/post"}],"author":[{"embeddable":true,"href":"http:\/\/grzegorznieradka.pl\/index.php\/wp-json\/wp\/v2\/users\/1"}],"replies":[{"embeddable":true,"href":"http:\/\/grzegorznieradka.pl\/index.php\/wp-json\/wp\/v2\/comments?post=1624"}],"version-history":[{"count":2,"href":"http:\/\/grzegorznieradka.pl\/index.php\/wp-json\/wp\/v2\/posts\/1624\/revisions"}],"predecessor-version":[{"id":1633,"href":"http:\/\/grzegorznieradka.pl\/index.php\/wp-json\/wp\/v2\/posts\/1624\/revisions\/1633"}],"wp:featuredmedia":[{"embeddable":true,"href":"http:\/\/grzegorznieradka.pl\/index.php\/wp-json\/wp\/v2\/media\/1626"}],"wp:attachment":[{"href":"http:\/\/grzegorznieradka.pl\/index.php\/wp-json\/wp\/v2\/media?parent=1624"}],"wp:term":[{"taxonomy":"category","embeddable":true,"href":"http:\/\/grzegorznieradka.pl\/index.php\/wp-json\/wp\/v2\/categories?post=1624"},{"taxonomy":"post_tag","embeddable":true,"href":"http:\/\/grzegorznieradka.pl\/index.php\/wp-json\/wp\/v2\/tags?post=1624"}],"curies":[{"name":"wp","href":"https:\/\/api.w.org\/{rel}","templated":true}]}}