{"id":1637,"date":"2015-10-15T22:36:28","date_gmt":"2015-10-15T20:36:28","guid":{"rendered":"http:\/\/grzegorznieradka.pl\/?p=1637"},"modified":"2015-10-15T22:41:01","modified_gmt":"2015-10-15T20:41:01","slug":"jubileusz-25-lecia-osrodka-rehabilitacyjno-edukacyjno-wychowawczego-w-krosnie","status":"publish","type":"post","link":"http:\/\/grzegorznieradka.pl\/index.php\/2015\/10\/15\/jubileusz-25-lecia-osrodka-rehabilitacyjno-edukacyjno-wychowawczego-w-krosnie\/","title":{"rendered":"Jubileusz 25-lecia O\u015brodka Rehabilitacyjno Edukacyjno Wychowawczego w Kro\u015bnie"},"content":{"rendered":"<p style=\"text-align: justify;\">W niedziel\u0119, 11 pa\u017adziernika 2015 r. sw\u00f3j jubileusz 25-lecia istnienia obchodzi\u0142 O\u015brodek Rehabilitacyjno Edukacyjno Wychowawczy w Kro\u015bnie prowadzony przez Kro\u015bnie\u0144skie Ko\u0142o Polskiego Stowarzyszenia na Rzecz Os\u00f3b z Niepe\u0142nosprawno\u015bci\u0105 Umys\u0142ow\u0105. W uroczysto\u015bciach uczestniczy\u0142 Grzegorz Nieradka, kt\u00f3ry reprezentowa\u0142 Pos\u0142a na Sejm RP Piotra Babinetza i w jego imieniu przekaza\u0142 na r\u0119ce Dyrektora OREW gratulacje z okazji donios\u0142ego jubileuszu.<\/p>\n<p style=\"text-align: justify;\">Obchody jubileuszu rozpocz\u0119\u0142y si\u0119 od Mszy \u015awi\u0119tej sprawowanej w parafii pw. Ducha \u015awi\u0119tego w Kro\u015bnie. Nast\u0119pnie w Zespole Szk\u00f3\u0142 Muzycznych im. I.J.Paderewskiego odby\u0142a si\u0119 prezentacja dokona\u0144 O\u015brodka, przem\u00f3wienie Pani Dyrektor Joanny Janochy i program artystyczny przygotowany przez wychowank\u00f3w. W spotkaniu uczestniczyli pracownicy OREW w Kro\u015bnie, podopieczni wraz z rodzicami, kadra dydaktyczna i medyczna oraz zaproszeni go\u015bcie. O godz. 16.30 rozpocz\u0105\u0142 si\u0119 koncert Anny Kamalskiej i jej Go\u015bci. Arty\u015bci wykonali kilkana\u015bcie utwor\u00f3w muzyki wsp\u00f3\u0142czesnej i rozrywkowej. Po koncercie na scenie pojawi\u0142 si\u0119 jubileuszowy tort, kt\u00f3rego pierwszy symboliczny kawa\u0142ek ukroi\u0142a dyrekcja O\u015brodka.<\/p>\n<p style=\"text-align: justify;\">Po oficjalnej cz\u0119\u015bci uroczysto\u015bci wszyscy spotkali si\u0119 przy kawie i s\u0142odkim pocz\u0119stunku.<\/p>\n<p style=\"text-align: justify;\">Fot. <a href=\"https:\/\/www.facebook.com\/media\/set\/?set=a.487190071461494.1073741844.248105165369987&amp;type=3\">OREW Krosno<\/a><\/p>\n<p style=\"text-align: justify;\"><a href=\"http:\/\/grzegorznieradka.pl\/wp-content\/uploads\/2015\/10\/1.jpg\"><img decoding=\"async\" loading=\"lazy\" class=\"alignnone size-full wp-image-1641\" src=\"http:\/\/grzegorznieradka.pl\/wp-content\/uploads\/2015\/10\/1.jpg\" alt=\"1\" width=\"960\" height=\"638\" srcset=\"http:\/\/grzegorznieradka.pl\/wp-content\/uploads\/2015\/10\/1.jpg 960w, http:\/\/grzegorznieradka.pl\/wp-content\/uploads\/2015\/10\/1-300x199.jpg 300w\" sizes=\"(max-width: 960px) 100vw, 960px\" \/><\/a><\/p>\n<p style=\"text-align: justify;\"><a href=\"http:\/\/grzegorznieradka.pl\/wp-content\/uploads\/2015\/10\/2.jpg\"><img decoding=\"async\" loading=\"lazy\" class=\"alignnone size-full wp-image-1642\" src=\"http:\/\/grzegorznieradka.pl\/wp-content\/uploads\/2015\/10\/2.jpg\" alt=\"2\" width=\"960\" height=\"638\" srcset=\"http:\/\/grzegorznieradka.pl\/wp-content\/uploads\/2015\/10\/2.jpg 960w, http:\/\/grzegorznieradka.pl\/wp-content\/uploads\/2015\/10\/2-300x199.jpg 300w\" sizes=\"(max-width: 960px) 100vw, 960px\" \/><\/a><\/p>\n<p style=\"text-align: justify;\"><a href=\"http:\/\/grzegorznieradka.pl\/wp-content\/uploads\/2015\/10\/3.jpg\"><img decoding=\"async\" loading=\"lazy\" class=\"alignnone size-full wp-image-1643\" src=\"http:\/\/grzegorznieradka.pl\/wp-content\/uploads\/2015\/10\/3.jpg\" alt=\"3\" width=\"960\" height=\"638\" srcset=\"http:\/\/grzegorznieradka.pl\/wp-content\/uploads\/2015\/10\/3.jpg 960w, http:\/\/grzegorznieradka.pl\/wp-content\/uploads\/2015\/10\/3-300x199.jpg 300w\" sizes=\"(max-width: 960px) 100vw, 960px\" \/><\/a><\/p>\n","protected":false},"excerpt":{"rendered":"<p>W niedziel\u0119, 11 pa\u017adziernika 2015 r. sw\u00f3j jubileusz 25-lecia istnienia obchodzi\u0142 O\u015brodek Rehabilitacyjno Edukacyjno Wychowawczy w Kro\u015bnie prowadzony przez Kro\u015bnie\u0144skie &#8230;<\/p>\n","protected":false},"author":1,"featured_media":1638,"comment_status":"open","ping_status":"open","sticky":false,"template":"","format":"standard","meta":[],"categories":[72,71],"tags":[237,39,236,163],"_links":{"self":[{"href":"http:\/\/grzegorznieradka.pl\/index.php\/wp-json\/wp\/v2\/posts\/1637"}],"collection":[{"href":"http:\/\/grzegorznieradka.pl\/index.php\/wp-json\/wp\/v2\/posts"}],"about":[{"href":"http:\/\/grzegorznieradka.pl\/index.php\/wp-json\/wp\/v2\/types\/post"}],"author":[{"embeddable":true,"href":"http:\/\/grzegorznieradka.pl\/index.php\/wp-json\/wp\/v2\/users\/1"}],"replies":[{"embeddable":true,"href":"http:\/\/grzegorznieradka.pl\/index.php\/wp-json\/wp\/v2\/comments?post=1637"}],"version-history":[{"count":3,"href":"http:\/\/grzegorznieradka.pl\/index.php\/wp-json\/wp\/v2\/posts\/1637\/revisions"}],"predecessor-version":[{"id":1644,"href":"http:\/\/grzegorznieradka.pl\/index.php\/wp-json\/wp\/v2\/posts\/1637\/revisions\/1644"}],"wp:featuredmedia":[{"embeddable":true,"href":"http:\/\/grzegorznieradka.pl\/index.php\/wp-json\/wp\/v2\/media\/1638"}],"wp:attachment":[{"href":"http:\/\/grzegorznieradka.pl\/index.php\/wp-json\/wp\/v2\/media?parent=1637"}],"wp:term":[{"taxonomy":"category","embeddable":true,"href":"http:\/\/grzegorznieradka.pl\/index.php\/wp-json\/wp\/v2\/categories?post=1637"},{"taxonomy":"post_tag","embeddable":true,"href":"http:\/\/grzegorznieradka.pl\/index.php\/wp-json\/wp\/v2\/tags?post=1637"}],"curies":[{"name":"wp","href":"https:\/\/api.w.org\/{rel}","templated":true}]}}