{"id":1662,"date":"2015-11-14T00:48:13","date_gmt":"2015-11-13T23:48:13","guid":{"rendered":"http:\/\/grzegorznieradka.pl\/?p=1662"},"modified":"2015-11-14T01:27:02","modified_gmt":"2015-11-14T00:27:02","slug":"zwycieska-misja-pulkownika-ryszarda-kuklinskiego","status":"publish","type":"post","link":"http:\/\/grzegorznieradka.pl\/index.php\/2015\/11\/14\/zwycieska-misja-pulkownika-ryszarda-kuklinskiego\/","title":{"rendered":"Zwyci\u0119ska Misja Pu\u0142kownika Ryszarda Kukli\u0144skiego"},"content":{"rendered":"<p style=\"text-align: justify;\"><em>Radny RM w Iwoniczu-Zdroju <strong>Grzegorz Nieradka<\/strong> i Przewodnicz\u0105cy RM Otwocka <strong>Jaros\u0142aw Margielski<\/strong> po ods\u0142oni\u0119ciu tablicy z nazw\u0105 ulicy im. Pu\u0142kownika Ryszarda Kukli\u0144skiego w Otwocku<\/em><\/p>\n<p style=\"text-align: justify;\"><strong>W sobot\u0119, 7 listopada 2015 r., w Otwocku, Zakr\u0119cie, Emowie i Wi\u0105zownie pod Warszaw\u0105 odby\u0142y si\u0119 uroczyste obchody, upami\u0119tniaj\u0105ce posta\u0107 pu\u0142kownika Ryszarda Kukli\u0144skiego. Na zaproszenie Spo\u0142ecznego Komitetu Budowy Pomnika p\u0142k. Ryszarda Jerzego Kukli\u0144skiego w Wi\u0105zownie i Wsp\u00f3\u0142tw\u00f3rc\u00f3w Og\u00f3lnopolskiej Konferencji \u201ePomnik Symboliczny &#8211; Pu\u0142kownik Kukli\u0144ski &#8211; Zwyci\u0119ska Misja\u201d w obchodach wzi\u0105\u0142 udzia\u0142 Grzegorz Nieradka, Radny Rady Miejskiej w Iwoniczu-Zdroju i organizator Obywatelskiej Warty Honorowej dla Pu\u0142kownika Ryszarda Kukli\u0144skiego w Krakowie.<\/strong><\/p>\n<p style=\"text-align: justify;\">W wigili\u0119 uroczysto\u015bci po\u015bwi\u0119conych pu\u0142kownikowi Kukli\u0144skiemu, w Otwocku odby\u0142a si\u0119 projekcja filmu sensacyjnego \u201eJack Strong\u201d w re\u017cyserii W\u0142adys\u0142awa Pasikowskiego, opowiadaj\u0105cego o dokonaniach Kukli\u0144skiego. Na specjalne zaproszenie Pani Ma\u0142gorzaty Kupiszewskiej, g\u0142\u00f3wnej organizatorki og\u00f3lnopolskich obchod\u00f3w, Grzegorz Nieradka spotka\u0142 si\u0119 z widzami i opowiedzia\u0142 o tym, jak zacz\u0119\u0142a si\u0119 jego przygoda z p\u0142k. Ryszardem Kukli\u0144skim. Podkre\u015bli\u0142 konieczno\u015b\u0107 zadbania o przekazywanie prawdy historycznej w domu i szkole, zwracaj\u0105c uwag\u0119 na wielki wk\u0142ad Prezydenta Lecha Kaczy\u0144skiego w kszta\u0142towanie postaw patriotycznych i piel\u0119gnowanie pami\u0119ci narodowej. Opowiedzia\u0142 r\u00f3wnie\u017c, w jakich okoliczno\u015bciach zorganizowa\u0142 Obywatelsk\u0105 Wart\u0119 Honorow\u0105, kt\u00f3rej owocem by\u0142o wystosowanie i podpisanie listu do Konsulatu Stan\u00f3w Zjednoczonych w trosce o nale\u017cyte zabezpieczenie pomnika Bohatera dw\u00f3ch Narod\u00f3w w krakowskim Parku im. dr. Henryka Jordana. Wyst\u0105pienie radnego Iwonicza-Zdroju zosta\u0142o przyj\u0119te w otwockim kinie burz\u0105 oklask\u00f3w.<\/p>\n<p style=\"text-align: justify;\">Nast\u0119pnego dnia, w sobot\u0119 o godz. 9.30 od od\u015bpiewania wszystkich czterech zwrotek Polskiego Hymnu Narodowego rozpocz\u0119\u0142a si\u0119 uroczysto\u015b\u0107 nadania nowej ulicy w Otwocku imienia Pu\u0142kownika Ryszarda Kukli\u0144skiego. W\u015br\u00f3d uczestnik\u00f3w obecni byli: Przewodnicz\u0105cy Rady Miasta Otwocka Jaros\u0142aw Margielski, Prezydent Otwocka Zbigniew Szczepaniak, g\u0142\u00f3wna organizatorka Ma\u0142gorzata Kupiszewska, uczniowie szk\u00f3\u0142 mundurowych, przedstawiciele medi\u00f3w oraz go\u015bcie z ca\u0142ej Polski.<\/p>\n<p style=\"text-align: justify;\"><a href=\"http:\/\/grzegorznieradka.pl\/wp-content\/uploads\/2015\/11\/8.jpg\"><img decoding=\"async\" loading=\"lazy\" class=\"alignnone size-full wp-image-1668\" src=\"http:\/\/grzegorznieradka.pl\/wp-content\/uploads\/2015\/11\/8.jpg\" alt=\"8\" width=\"4912\" height=\"3264\" srcset=\"http:\/\/grzegorznieradka.pl\/wp-content\/uploads\/2015\/11\/8.jpg 4912w, http:\/\/grzegorznieradka.pl\/wp-content\/uploads\/2015\/11\/8-300x199.jpg 300w, http:\/\/grzegorznieradka.pl\/wp-content\/uploads\/2015\/11\/8-1024x680.jpg 1024w\" sizes=\"(max-width: 4912px) 100vw, 4912px\" \/><\/a><\/p>\n<p style=\"text-align: justify;\"><em><strong>Go\u015bcie z ca\u0142ej Polski przybyli na uroczysto\u015b\u0107 nadania ulicy w Otwocku imienia Pu\u0142kownika Ryszarda Kukli\u0144skiego\u00a0<\/strong><\/em><\/p>\n<p style=\"text-align: justify;\"><a href=\"http:\/\/grzegorznieradka.pl\/wp-content\/uploads\/2015\/11\/9.jpg\"><img decoding=\"async\" loading=\"lazy\" class=\"alignnone size-full wp-image-1673\" src=\"http:\/\/grzegorznieradka.pl\/wp-content\/uploads\/2015\/11\/9.jpg\" alt=\"9\" width=\"4912\" height=\"3264\" srcset=\"http:\/\/grzegorznieradka.pl\/wp-content\/uploads\/2015\/11\/9.jpg 4912w, http:\/\/grzegorznieradka.pl\/wp-content\/uploads\/2015\/11\/9-300x199.jpg 300w, http:\/\/grzegorznieradka.pl\/wp-content\/uploads\/2015\/11\/9-1024x680.jpg 1024w\" sizes=\"(max-width: 4912px) 100vw, 4912px\" \/><\/a><\/p>\n<p style=\"text-align: justify;\"><em><strong>W\u0142adze miasta Otwocka, go\u015bcie z ca\u0142ej Polski i uczniowie szk\u00f3\u0142 mundurowych po uroczysto\u015bci nadania ulicy imienia Pu\u0142kownika Ryszarda Kukli\u0144skiego\u00a0<\/strong><\/em><\/p>\n<p style=\"text-align: justify;\">Po akcie ods\u0142oni\u0119cia tablicy z now\u0105 nazw\u0105 ulicy uczestnicy uroczysto\u015bci udali si\u0119 do Zakr\u0119tu, gdzie o godz. 10.30 w ko\u015bciele pw. \u015aw. Paw\u0142a Aposto\u0142a rozpocz\u0105\u0142 si\u0119 koncert w wykonaniu R. Grudnia (organy) i K. Laskowskiego (tr\u0105bka). Po koncercie o godz. 11.00 rozpocz\u0119\u0142a si\u0119 Msza \u015awi\u0119ta koncelebrowana z udzia\u0142em J.E. ks. Biskupa \u0141owickiego (Seniora) J\u00f3zefa Zawitkowskiego, kt\u00f3ry wyg\u0142osi\u0142 okoliczno\u015bciow\u0105 homili\u0119.<\/p>\n<p style=\"text-align: justify;\"><a href=\"http:\/\/grzegorznieradka.pl\/wp-content\/uploads\/2015\/11\/Obraz-059.jpg\"><img decoding=\"async\" loading=\"lazy\" class=\"alignnone size-full wp-image-1667\" src=\"http:\/\/grzegorznieradka.pl\/wp-content\/uploads\/2015\/11\/Obraz-059.jpg\" alt=\"Obraz 059\" width=\"4272\" height=\"2848\" srcset=\"http:\/\/grzegorznieradka.pl\/wp-content\/uploads\/2015\/11\/Obraz-059.jpg 4272w, http:\/\/grzegorznieradka.pl\/wp-content\/uploads\/2015\/11\/Obraz-059-300x200.jpg 300w, http:\/\/grzegorznieradka.pl\/wp-content\/uploads\/2015\/11\/Obraz-059-1024x683.jpg 1024w\" sizes=\"(max-width: 4272px) 100vw, 4272px\" \/><\/a><\/p>\n<p style=\"text-align: justify;\"><em><strong>J.E. ks. Biskup \u0141owicki Senior J\u00f3zef Zawitkowski sprawuje Msz\u0119 \u015awi\u0119t\u0105 w intencji \u015bp. Ryszarda Kukli\u0144skiego, jego \u017cony i syn\u00f3w\u00a0<\/strong><\/em><\/p>\n<p style=\"text-align: justify;\">Podnios\u0142a uroczysto\u015b\u0107 po zako\u0144czeniu Eucharystii przenios\u0142a si\u0119 na plac przyko\u015bcielny, gdzie dokonano aktu ods\u0142oni\u0119cia pomnika z tablic\u0105, po\u015bwi\u0119conego pu\u0142kownikowi Ryszardowi Kukli\u0144skiemu. Jako pierwszy g\u0142os zabra\u0142 Roman Barszcz, przyjaciel Ryszarda Kukli\u0144skiego. Swoj\u0105 obecno\u015bci\u0105 wszystkich zebranych zaszczyci\u0142 p\u0142k. Andrzej Pawlikowski, Doradca Prezydenta Rzeczypospolitej Polskiej Andrzeja Dudy, kt\u00f3ry odczyta\u0142 list od Prezydenta skierowany do Komitetu Organizacyjnego i uczestnik\u00f3w uroczystych obchod\u00f3w. Nast\u0119pnie g\u0142os zabra\u0142 wiceambasador Stan\u00f3w Zjednoczonych, Radca Minister John Law. Biskup Senior po\u015bwi\u0119ci\u0142 i uca\u0142owa\u0142 pami\u0105tkowy kamie\u0144, po czym liczne delegacje, w tym oficjalne Prezydenta RP i Stan\u00f3w Zjednoczonych, z\u0142o\u017cy\u0142y kwiaty.<\/p>\n<p style=\"text-align: justify;\"><a href=\"http:\/\/grzegorznieradka.pl\/wp-content\/uploads\/2015\/11\/Obraz-079.jpg\"><img decoding=\"async\" loading=\"lazy\" class=\"alignnone size-full wp-image-1674\" src=\"http:\/\/grzegorznieradka.pl\/wp-content\/uploads\/2015\/11\/Obraz-079.jpg\" alt=\"Obraz 079\" width=\"4272\" height=\"2848\" srcset=\"http:\/\/grzegorznieradka.pl\/wp-content\/uploads\/2015\/11\/Obraz-079.jpg 4272w, http:\/\/grzegorznieradka.pl\/wp-content\/uploads\/2015\/11\/Obraz-079-300x200.jpg 300w, http:\/\/grzegorznieradka.pl\/wp-content\/uploads\/2015\/11\/Obraz-079-1024x683.jpg 1024w\" sizes=\"(max-width: 4272px) 100vw, 4272px\" \/><\/a><\/p>\n<p style=\"text-align: justify;\"><em><strong>Spo\u0142eczny Komitet na czele z Ma\u0142gorzat\u0105 Kupiszewsk\u0105 i Romanem Barszczem sk\u0142ada kwiaty pod pomnikiem po\u015bwi\u0119conym pu\u0142kownikowi Kukli\u0144skiemu w Zakr\u0119cie\u00a0<\/strong><\/em><\/p>\n<p style=\"text-align: justify;\"><a href=\"http:\/\/grzegorznieradka.pl\/wp-content\/uploads\/2015\/11\/Obraz-101.jpg\"><img decoding=\"async\" loading=\"lazy\" class=\"alignnone size-full wp-image-1675\" src=\"http:\/\/grzegorznieradka.pl\/wp-content\/uploads\/2015\/11\/Obraz-101.jpg\" alt=\"Obraz 101\" width=\"4272\" height=\"2848\" srcset=\"http:\/\/grzegorznieradka.pl\/wp-content\/uploads\/2015\/11\/Obraz-101.jpg 4272w, http:\/\/grzegorznieradka.pl\/wp-content\/uploads\/2015\/11\/Obraz-101-300x200.jpg 300w, http:\/\/grzegorznieradka.pl\/wp-content\/uploads\/2015\/11\/Obraz-101-1024x683.jpg 1024w\" sizes=\"(max-width: 4272px) 100vw, 4272px\" \/><\/a><\/p>\n<p style=\"text-align: justify;\"><em><strong>Kap\u0142ani na czele z ks. Biskupem J\u00f3zefem Zawitkowskim oddaj\u0105 ho\u0142d pu\u0142kownikowi Ryszardowi Kukli\u0144skiemu\u00a0<\/strong><\/em><\/p>\n<p style=\"text-align: justify;\">Kolejnym punktem obchod\u00f3w po\u015bwi\u0119conych Ryszardowi Kukli\u0144skiemu by\u0142a wizyta przyjaci\u00f3\u0142 w domu pa\u0144stwa Barszcz\u00f3w w Emowie. W tym prywatnym spotkaniu udzia\u0142 wzi\u0105\u0142 radny Grzegorz Nieradka, kt\u00f3remu Roman Barszcz osobi\u015bcie podzi\u0119kowa\u0142 za zorganizowanie Obywatelskiej Warty Honorowej w obronie pu\u0142kownika Kukli\u0144skiego w Krakowie. Nast\u0119pnie gospodarz zaprowadzi\u0142 swoich go\u015bci do pokoju, w kt\u00f3rym mieszka\u0142 Ryszard Kukli\u0144ski i opowiedzia\u0142 o swojej przyja\u017ani z pu\u0142kownikiem,\u00a0pokazuj\u0105c mn\u00f3stwo zdj\u0119\u0107 i cennych pami\u0105tek.<\/p>\n<p style=\"text-align: justify;\"><a href=\"http:\/\/grzegorznieradka.pl\/wp-content\/uploads\/2015\/11\/17.jpg\"><img decoding=\"async\" loading=\"lazy\" class=\"alignnone size-full wp-image-1676\" src=\"http:\/\/grzegorznieradka.pl\/wp-content\/uploads\/2015\/11\/17.jpg\" alt=\"17\" width=\"4912\" height=\"3264\" srcset=\"http:\/\/grzegorznieradka.pl\/wp-content\/uploads\/2015\/11\/17.jpg 4912w, http:\/\/grzegorznieradka.pl\/wp-content\/uploads\/2015\/11\/17-300x199.jpg 300w, http:\/\/grzegorznieradka.pl\/wp-content\/uploads\/2015\/11\/17-1024x680.jpg 1024w\" sizes=\"(max-width: 4912px) 100vw, 4912px\" \/><\/a><\/p>\n<p style=\"text-align: justify;\"><em><strong>Grzegorz Nieradka i Roman Barszcz w pokoju Ryszarda Kukli\u0144skiego w domu pa\u0144stwa Barszcz\u00f3w w Emowie pod Warszaw\u0105\u00a0<\/strong><\/em><\/p>\n<p style=\"text-align: justify;\"><a href=\"http:\/\/grzegorznieradka.pl\/wp-content\/uploads\/2015\/11\/13.jpg\"><img decoding=\"async\" loading=\"lazy\" class=\"alignnone size-full wp-image-1677\" src=\"http:\/\/grzegorznieradka.pl\/wp-content\/uploads\/2015\/11\/13.jpg\" alt=\"13\" width=\"3104\" height=\"1746\" srcset=\"http:\/\/grzegorznieradka.pl\/wp-content\/uploads\/2015\/11\/13.jpg 3104w, http:\/\/grzegorznieradka.pl\/wp-content\/uploads\/2015\/11\/13-300x169.jpg 300w, http:\/\/grzegorznieradka.pl\/wp-content\/uploads\/2015\/11\/13-1024x576.jpg 1024w\" sizes=\"(max-width: 3104px) 100vw, 3104px\" \/><\/a><\/p>\n<p style=\"text-align: justify;\"><em><strong>Grzegorz Nieradka w domu Pa\u0144stwa Barszcz\u00f3w w Emowie pod Warszaw\u0105 \u00a0<\/strong><\/em><\/p>\n<p style=\"text-align: justify;\">Po spotkaniu przy herbacie wszyscy udali si\u0119 do \u201eZajazdu u Mikulskich\u201d, gdzie o godz. 15.00 rozpocz\u0119\u0142a si\u0119 og\u00f3lnopolska konferencja naukowa po\u015bwi\u0119cona osobie Ryszarda Kukli\u0144skiego pod przewodnictwem wybitnego profesora Jana \u017baryna. Wcze\u015bniej jednak nast\u0105pi\u0142o rozstrzygni\u0119cie konkursu historycznego dla m\u0142odzie\u017cy gimnazjalnej powiatu otwockiego, w kt\u00f3rym wzi\u0119\u0142o udzia\u0142 blisko stu uczestnik\u00f3w. Przyznano dwa pierwsze miejsca i\u00a0trzy trzecie miejsca, nagrod\u0119 pieni\u0119\u017cn\u0105 ufundowa\u0142\u00a0 Przewodnicz\u0105cy rady Miasta Otwocka Jaros\u0142aw Margielski i\u00a0Przewodnicz\u0105ca Zwi\u0105zku Nauczycieli J\u0119zyka Polskiego i\u00a0Pedagog\u00f3w w\u00a0Niemczech Liliana Barejko \u2013 Knops. Najlepiej wypad\u0142o Gimnazjum Publiczne im.\u00a0Jana Paw\u0142a II w\u00a0Gliniance. Czworo uczni\u00f3w ze\u00a0szko\u0142y uplasowa\u0142o si\u0119 w\u00a0\u015bcis\u0142ym finale. Nauczyciel historii Jacek Jan Ko\u0142akowski\u00a0otrzyma\u0142 od\u00a0Starosty powiatu otwockiego nagrod\u0119 pieni\u0119\u017cn\u0105. Plakat\u00a0Wojciecha Korkucia\u00a0wygra\u0142 natomiast \u00a0og\u00f3lnopolski konkurs\u00a0\u201e<em>Pu\u0142kownik Kukli\u0144ski zwyci\u0119ska misja\u201d.<\/em>\u00a0Jemu przypad\u0142a w\u00a0udziale nagroda W\u00f3jta Gminy Wi\u0105zowna.<\/p>\n<p style=\"text-align: justify;\"><a href=\"http:\/\/grzegorznieradka.pl\/wp-content\/uploads\/2015\/11\/Obraz-138.jpg\"><img decoding=\"async\" loading=\"lazy\" class=\"alignnone size-full wp-image-1678\" src=\"http:\/\/grzegorznieradka.pl\/wp-content\/uploads\/2015\/11\/Obraz-138.jpg\" alt=\"Obraz 138\" width=\"4272\" height=\"2848\" srcset=\"http:\/\/grzegorznieradka.pl\/wp-content\/uploads\/2015\/11\/Obraz-138.jpg 4272w, http:\/\/grzegorznieradka.pl\/wp-content\/uploads\/2015\/11\/Obraz-138-300x200.jpg 300w, http:\/\/grzegorznieradka.pl\/wp-content\/uploads\/2015\/11\/Obraz-138-1024x683.jpg 1024w\" sizes=\"(max-width: 4272px) 100vw, 4272px\" \/><\/a><\/p>\n<p style=\"text-align: justify;\"><em><strong>Uczniowie klas gimnazjalnych podczas rozdania nagr\u00f3d w konkursie historycznym w Wi\u0105zownie pod Warszaw\u0105\u00a0<\/strong><\/em><\/p>\n<p style=\"text-align: justify;\">Po wr\u0119czeniu nagr\u00f3d prof. Jan \u017baryn zainaugurowa\u0142 konferencj\u0119.\u00a0Pierwszy wyk\u0142ad pt. \u201eSzpiegostwo i szpiedzy, czyli spiskowe wersje historii\u201d wyg\u0142osi\u0142 prof. Tomasz Panfil. \u201eHomo sovieticus \u2013 cz\u0142owiek zniewolony\u201d to temat wyk\u0142adu dr. hab. J\u00f3zefa Brynkusa. Micha\u0142 Siwiec-Cielebon w referacie \u201eMi\u0119dzy zdrad\u0105 a honorem oficera\u201d wyja\u015bni\u0142 motywy, jakimi kierowa\u0142 si\u0119 Ryszard Kukli\u0144ski podejmuj\u0105c si\u0119 swojej misji. Kolejni prelegenci to p\u0142k. Piotr Wro\u0144ski \u201eDylematy oficera\u201d oraz Kajetan Rajski \u201eZ ojca na syna, czyli patriotyzm dziedziczny\u201d. Prezes Fundacji \u201e\u0141\u0105czka\u201d Tadeusz P\u0142u\u017ca\u0144ski wyg\u0142osi\u0142 wyk\u0142ad zatytu\u0142owany \u201ePu\u0142kownik Kukli\u0144ski \u2013 ostatni \u017co\u0142nierz wykl\u0119ty\u201d, a zaraz po nim g\u0142os zabra\u0142 prof. Tadeusz Wolsza ze swoim wyk\u0142adem \u201ePrzebi\u0107 \u017celazn\u0105 kurtyn\u0119\u201d. Jako ostatni wyst\u0105pi\u0142 redaktor \u201ewSieci Historia\u201d Tomasz \u0141ysiak. Tematem jego wyk\u0142adu by\u0142 \u201eArchetyp \u017co\u0142nierza niez\u0142omnego na drodze do Niepodleg\u0142o\u015bci\u201d.<\/p>\n<p style=\"text-align: justify;\"><a href=\"http:\/\/grzegorznieradka.pl\/wp-content\/uploads\/2015\/11\/Obraz-172.jpg\"><img decoding=\"async\" loading=\"lazy\" class=\"alignnone size-full wp-image-1679\" src=\"http:\/\/grzegorznieradka.pl\/wp-content\/uploads\/2015\/11\/Obraz-172.jpg\" alt=\"Obraz 172\" width=\"4272\" height=\"2848\" srcset=\"http:\/\/grzegorznieradka.pl\/wp-content\/uploads\/2015\/11\/Obraz-172.jpg 4272w, http:\/\/grzegorznieradka.pl\/wp-content\/uploads\/2015\/11\/Obraz-172-300x200.jpg 300w, http:\/\/grzegorznieradka.pl\/wp-content\/uploads\/2015\/11\/Obraz-172-1024x683.jpg 1024w\" sizes=\"(max-width: 4272px) 100vw, 4272px\" \/><\/a><\/p>\n<p style=\"text-align: justify;\"><em><strong>Wyst\u0105pienia podczas konferencji naukowej w Wi\u0105zownie pod Warszaw\u0105\u00a0<\/strong><\/em><\/p>\n<p style=\"text-align: justify;\">Po wyk\u0142adach og\u0142oszona zosta\u0142a przerwa kawowa, po kt\u00f3rej odby\u0142a si\u0119 dyskusja prowadzona przez redaktora Bogdana Rymanowskiego.<\/p>\n<p style=\"text-align: justify;\"><a href=\"http:\/\/grzegorznieradka.pl\/wp-content\/uploads\/2015\/11\/26.jpg\"><img decoding=\"async\" loading=\"lazy\" class=\"alignnone size-full wp-image-1685\" src=\"http:\/\/grzegorznieradka.pl\/wp-content\/uploads\/2015\/11\/26.jpg\" alt=\"26\" width=\"3920\" height=\"2204\" srcset=\"http:\/\/grzegorznieradka.pl\/wp-content\/uploads\/2015\/11\/26.jpg 3920w, http:\/\/grzegorznieradka.pl\/wp-content\/uploads\/2015\/11\/26-300x169.jpg 300w, http:\/\/grzegorznieradka.pl\/wp-content\/uploads\/2015\/11\/26-1024x576.jpg 1024w\" sizes=\"(max-width: 3920px) 100vw, 3920px\" \/><\/a><\/p>\n<p style=\"text-align: justify;\"><em><strong>Radny Grzegorz Nieradka i prof. Jan \u017baryn (Senator RP) w przerwie kawowej. W oczekiwaniu na dyskusj\u0119<\/strong><\/em><\/p>\n<p style=\"text-align: justify;\">Do dyskusji, opr\u00f3cz wyk\u0142adowc\u00f3w, zaproszeni zostali r\u00f3wnie\u017c Ma\u0142gorzata Kupiszewska, Dorota Czudowska i Grzegorz Nieradka, kt\u00f3ry przedstawiony zosta\u0142 jako stra\u017cnik pu\u0142kownika Kukli\u0144skiego. Radny opowiedzia\u0142 o tym, jak rozpocz\u0119\u0142a si\u0119 jego przygoda z pu\u0142kownikiem Kukli\u0144skim, relacjonuj\u0105c wydarzenia z 2014 roku i przedstawiaj\u0105c okoliczno\u015bci zorganizowania Obywatelskiej Warty Honorowej w Krakowie w obronie Ryszarda Kukli\u0144skiego. Wyst\u0105pienie nagrodzone zosta\u0142o brawami.<\/p>\n<p style=\"text-align: justify;\"><a href=\"http:\/\/grzegorznieradka.pl\/wp-content\/uploads\/2015\/11\/20.jpg\"><img decoding=\"async\" loading=\"lazy\" class=\"alignnone size-full wp-image-1684\" src=\"http:\/\/grzegorznieradka.pl\/wp-content\/uploads\/2015\/11\/20.jpg\" alt=\"20\" width=\"4912\" height=\"3264\" srcset=\"http:\/\/grzegorznieradka.pl\/wp-content\/uploads\/2015\/11\/20.jpg 4912w, http:\/\/grzegorznieradka.pl\/wp-content\/uploads\/2015\/11\/20-300x199.jpg 300w, http:\/\/grzegorznieradka.pl\/wp-content\/uploads\/2015\/11\/20-1024x680.jpg 1024w\" sizes=\"(max-width: 4912px) 100vw, 4912px\" \/><\/a><\/p>\n<p style=\"text-align: justify;\"><em><strong>Grzegorz Nieradka podczas dyskusji po\u015bwi\u0119conej osobie Ryszarda Kukli\u0144skiego\u00a0<\/strong><\/em><\/p>\n<p style=\"text-align: justify;\"><a href=\"http:\/\/grzegorznieradka.pl\/wp-content\/uploads\/2015\/11\/211.jpg\"><img decoding=\"async\" loading=\"lazy\" class=\"alignnone size-full wp-image-1680\" src=\"http:\/\/grzegorznieradka.pl\/wp-content\/uploads\/2015\/11\/211.jpg\" alt=\"21\" width=\"4912\" height=\"3264\" srcset=\"http:\/\/grzegorznieradka.pl\/wp-content\/uploads\/2015\/11\/211.jpg 4912w, http:\/\/grzegorznieradka.pl\/wp-content\/uploads\/2015\/11\/211-300x199.jpg 300w, http:\/\/grzegorznieradka.pl\/wp-content\/uploads\/2015\/11\/211-1024x680.jpg 1024w\" sizes=\"(max-width: 4912px) 100vw, 4912px\" \/><\/a><\/p>\n<p style=\"text-align: justify;\"><em><strong>Dyskusja po konferencji naukowej po\u015bwi\u0119cona osobie Ryszarda Kukli\u0144skiego\u00a0<\/strong><\/em><\/p>\n<p style=\"text-align: justify;\"><a href=\"http:\/\/grzegorznieradka.pl\/wp-content\/uploads\/2015\/11\/100.jpg\"><img decoding=\"async\" loading=\"lazy\" class=\"alignnone size-full wp-image-1681\" src=\"http:\/\/grzegorznieradka.pl\/wp-content\/uploads\/2015\/11\/100.jpg\" alt=\"100\" width=\"636\" height=\"356\" srcset=\"http:\/\/grzegorznieradka.pl\/wp-content\/uploads\/2015\/11\/100.jpg 636w, http:\/\/grzegorznieradka.pl\/wp-content\/uploads\/2015\/11\/100-300x168.jpg 300w\" sizes=\"(max-width: 636px) 100vw, 636px\" \/><\/a><\/p>\n<p style=\"text-align: justify;\"><em><strong>G\u0142os w dyskusji prowadzonej przez red. Bogdana Rymanowskiego zabiera\u00a0<\/strong><strong>Grzegorz Nieradka\u00a0<\/strong><\/em><\/p>\n<p style=\"text-align: justify;\">Warto doda\u0107, \u017ce ca\u0142o\u015b\u0107 dyskusji transmitowana by\u0142a na \u017cywo, a dzisiaj mo\u017cna obejrze\u0107 jej przebieg na poni\u017cszym filmie.<\/p>\n<p><iframe loading=\"lazy\" src=\"https:\/\/www.youtube.com\/embed\/2SLSZI7L0pg\" width=\"560\" height=\"315\" frameborder=\"0\" allowfullscreen=\"allowfullscreen\"><\/iframe><\/p>\n<p style=\"text-align: justify;\">Na zako\u0144czenie obchod\u00f3w uczestnicy ca\u0142odniowych uroczysto\u015bci wys\u0142uchali koncertu patriotycznego w wykonaniu A. Sajdaka, a nast\u0119pnie Leszka Czajkowskiego i Paw\u0142a Piekarczyka.<\/p>\n<p style=\"text-align: justify;\">Zdj\u0119cia: Agnieszka Piwar, Krzysztof Wieczorek<\/p>\n","protected":false},"excerpt":{"rendered":"<p>Radny RM w Iwoniczu-Zdroju Grzegorz Nieradka i Przewodnicz\u0105cy RM Otwocka Jaros\u0142aw Margielski po ods\u0142oni\u0119ciu tablicy z nazw\u0105 ulicy im. Pu\u0142kownika &#8230;<\/p>\n","protected":false},"author":1,"featured_media":1663,"comment_status":"open","ping_status":"open","sticky":false,"template":"","format":"standard","meta":[],"categories":[71,74],"tags":[39,241,242,243],"_links":{"self":[{"href":"http:\/\/grzegorznieradka.pl\/index.php\/wp-json\/wp\/v2\/posts\/1662"}],"collection":[{"href":"http:\/\/grzegorznieradka.pl\/index.php\/wp-json\/wp\/v2\/posts"}],"about":[{"href":"http:\/\/grzegorznieradka.pl\/index.php\/wp-json\/wp\/v2\/types\/post"}],"author":[{"embeddable":true,"href":"http:\/\/grzegorznieradka.pl\/index.php\/wp-json\/wp\/v2\/users\/1"}],"replies":[{"embeddable":true,"href":"http:\/\/grzegorznieradka.pl\/index.php\/wp-json\/wp\/v2\/comments?post=1662"}],"version-history":[{"count":10,"href":"http:\/\/grzegorznieradka.pl\/index.php\/wp-json\/wp\/v2\/posts\/1662\/revisions"}],"predecessor-version":[{"id":1687,"href":"http:\/\/grzegorznieradka.pl\/index.php\/wp-json\/wp\/v2\/posts\/1662\/revisions\/1687"}],"wp:featuredmedia":[{"embeddable":true,"href":"http:\/\/grzegorznieradka.pl\/index.php\/wp-json\/wp\/v2\/media\/1663"}],"wp:attachment":[{"href":"http:\/\/grzegorznieradka.pl\/index.php\/wp-json\/wp\/v2\/media?parent=1662"}],"wp:term":[{"taxonomy":"category","embeddable":true,"href":"http:\/\/grzegorznieradka.pl\/index.php\/wp-json\/wp\/v2\/categories?post=1662"},{"taxonomy":"post_tag","embeddable":true,"href":"http:\/\/grzegorznieradka.pl\/index.php\/wp-json\/wp\/v2\/tags?post=1662"}],"curies":[{"name":"wp","href":"https:\/\/api.w.org\/{rel}","templated":true}]}}