{"id":1689,"date":"2015-11-23T22:07:10","date_gmt":"2015-11-23T21:07:10","guid":{"rendered":"http:\/\/grzegorznieradka.pl\/?p=1689"},"modified":"2016-02-06T15:13:25","modified_gmt":"2016-02-06T14:13:25","slug":"grzegorz-nieradka-przyjal-propozycje-pracy-w-kancelarii-sejmu-rp","status":"publish","type":"post","link":"http:\/\/grzegorznieradka.pl\/index.php\/2015\/11\/23\/grzegorz-nieradka-przyjal-propozycje-pracy-w-kancelarii-sejmu-rp\/","title":{"rendered":"Grzegorz Nieradka przyj\u0105\u0142 propozycj\u0119 pracy w Kancelarii Sejmu RP"},"content":{"rendered":"<p style=\"text-align: justify;\">W niedziel\u0119, 15 listopada Grzegorz Nieradka otrzyma\u0142 propozycj\u0119 pracy w Kancelarii Sejmu Rzeczypospolitej Polskiej. Podczas spotkania w Sejmie z Pani\u0105 Anet\u0105 Kordowsk\u0105 &#8211; Dyrektorem Generalnym Gabinetu Marsza\u0142ka &#8211; dnia 20 listopada 2015 roku radny Rady Miejskiej w Iwoniczu-Zdroju i koordynator kampanii internetowej Prawa i Sprawiedliwo\u015bci w wyborach parlamentarnych 2015 podpisa\u0142 umow\u0119 o prac\u0119 obejmuj\u0105c stanowisko\u00a0Asystenta Marsza\u0142ka Sejmu RP, Marka Kuchci\u0144skiego w Zespole Analityczno-Doradczym Marsza\u0142ka Sejmu.<\/p>\n","protected":false},"excerpt":{"rendered":"<p>W niedziel\u0119, 15 listopada Grzegorz Nieradka otrzyma\u0142 propozycj\u0119 pracy w Kancelarii Sejmu Rzeczypospolitej Polskiej. Podczas spotkania w Sejmie z Pani\u0105 &#8230;<\/p>\n","protected":false},"author":1,"featured_media":1691,"comment_status":"open","ping_status":"open","sticky":false,"template":"","format":"standard","meta":[],"categories":[71],"tags":[39,245,244,246],"_links":{"self":[{"href":"http:\/\/grzegorznieradka.pl\/index.php\/wp-json\/wp\/v2\/posts\/1689"}],"collection":[{"href":"http:\/\/grzegorznieradka.pl\/index.php\/wp-json\/wp\/v2\/posts"}],"about":[{"href":"http:\/\/grzegorznieradka.pl\/index.php\/wp-json\/wp\/v2\/types\/post"}],"author":[{"embeddable":true,"href":"http:\/\/grzegorznieradka.pl\/index.php\/wp-json\/wp\/v2\/users\/1"}],"replies":[{"embeddable":true,"href":"http:\/\/grzegorznieradka.pl\/index.php\/wp-json\/wp\/v2\/comments?post=1689"}],"version-history":[{"count":3,"href":"http:\/\/grzegorznieradka.pl\/index.php\/wp-json\/wp\/v2\/posts\/1689\/revisions"}],"predecessor-version":[{"id":1757,"href":"http:\/\/grzegorznieradka.pl\/index.php\/wp-json\/wp\/v2\/posts\/1689\/revisions\/1757"}],"wp:featuredmedia":[{"embeddable":true,"href":"http:\/\/grzegorznieradka.pl\/index.php\/wp-json\/wp\/v2\/media\/1691"}],"wp:attachment":[{"href":"http:\/\/grzegorznieradka.pl\/index.php\/wp-json\/wp\/v2\/media?parent=1689"}],"wp:term":[{"taxonomy":"category","embeddable":true,"href":"http:\/\/grzegorznieradka.pl\/index.php\/wp-json\/wp\/v2\/categories?post=1689"},{"taxonomy":"post_tag","embeddable":true,"href":"http:\/\/grzegorznieradka.pl\/index.php\/wp-json\/wp\/v2\/tags?post=1689"}],"curies":[{"name":"wp","href":"https:\/\/api.w.org\/{rel}","templated":true}]}}