{"id":2018,"date":"2016-10-31T22:54:47","date_gmt":"2016-10-31T21:54:47","guid":{"rendered":"http:\/\/grzegorznieradka.pl\/?p=2018"},"modified":"2016-10-31T22:54:47","modified_gmt":"2016-10-31T21:54:47","slug":"kampania-spoleczna-na-rzecz-szpitala-wojewodzkiego-im-jana-pawla-ii-w-krosnie","status":"publish","type":"post","link":"http:\/\/grzegorznieradka.pl\/index.php\/2016\/10\/31\/kampania-spoleczna-na-rzecz-szpitala-wojewodzkiego-im-jana-pawla-ii-w-krosnie\/","title":{"rendered":"Kampania spo\u0142eczna na rzecz Szpitala Wojew\u00f3dzkiego im. Jana Paw\u0142a II w Kro\u015bnie"},"content":{"rendered":"<div id=\"js_ch\" class=\"_5pbx userContent\" data-ft=\"{&quot;tn&quot;:&quot;K&quot;}\">\n<div id=\"id_5817bab1b77d20b72094312\" class=\"text_exposed_root text_exposed\">\n<p style=\"text-align: justify;\"><strong>Poni\u017cej publikujemy Apel, jaki na swojej stronie na facebooku wystosowa\u0142 Grzegorz Nieradka po w\u0142\u0105czeniu si\u0119 w realizacj\u0119\u00a0przedsi\u0119wzi\u0119cia Stowarzyszenia &#8222;Czy\u0144 Dobro, Mimo Wszystko&#8221; pn. &#8222;Kampania Spo\u0142eczna, nad kt\u00f3r\u0105 przypi\u0119\u0142am r\u00f3\u017cow\u0105 wst\u0105\u017ck\u0119&#8221;.\u00a0<\/strong><\/p>\n<p style=\"text-align: justify;\"><em>Kampania spo\u0142eczna na rzecz Szpitala Wojew\u00f3dzkiego im. Jana Paw\u0142a II w Kro\u015bnie, kt\u00f3rej celem jest zakup nowoczesnego, spe\u0142niaj\u0105cego standardy mammografu to kolejna inicjatywa Stowarzyszenia &#8222;Czy\u0144 Dobro, Mimo Wszystko&#8221;. Pani Kamila Bogacka, Prezes tej najpr\u0119\u017cniejszej instytucji charytatywnej w regionie, zrzeszaj\u0105cej wok\u00f3\u0142 siebie kilkudziesi\u0119ciu wspania\u0142ych, oddanych, m\u0142odych wolontariuszy, licznych spo\u0142ecznik\u00f3w i wielkie grono zwyk\u0142ych ludzi dobrej woli, kt\u00f3rzy po prostu chc\u0105 <span class=\"text_exposed_show\">pomaga\u0107, przypinaj\u0105c r\u00f3\u017cow\u0105 wst\u0105\u017ck\u0119 nad kampani\u0105 spo\u0142eczn\u0105, raz jeszcze potwierdzi\u0142a przynale\u017cno\u015b\u0107 kierowanego przez siebie Stowarzyszenia do mi\u0119dzynarodowej spo\u0142eczno\u015bci podejmuj\u0105cej walk\u0119 z rakiem piersi u kobiet. Liczne kampanie spo\u0142eczne przeprowadzane m.in. przez Ministerstwo Zdrowia, zwracaj\u0105 uwag\u0119 na ogromne znaczenie wczesnego wykrycia nowotworu, co przy obecnym poziomie medycyny daje niemal 100%-ow\u0105 gwarancj\u0119 wyleczenia. S\u0142uszne dzia\u0142ania ministerstwa, zwi\u0119kszaj\u0105ce \u015bwiadomo\u015b\u0107 spo\u0142eczn\u0105, zach\u0119caj\u0105 kobiety do poddania si\u0119 badaniom mammograficznym. Niestety, nie zawsze taka mo\u017cliwo\u015b\u0107 istnieje. Kro\u015bnie\u0144ski szpital, pomimo posiadania wykwalifikowanej kadry medycznej boryka si\u0119 z problemami finansowymi uniemo\u017cliwiaj\u0105cymi zakup nowego mammografu. I tutaj w\u0142a\u015bnie pojawia si\u0119 Stowarzyszenie &#8222;Czy\u0144 Dobro, Mimo Wszystko&#8221; i tutaj powinni\u015bmy pojawi\u0107 si\u0119 My! U boku Pani Prezes, po stronie Polek, dla szcz\u0119\u015bcia naszych rodzin. Jestem zaszczycony, \u017ce bior\u0119 udzia\u0142 w kolejnym dziele Stowarzyszenia, jestem wdzi\u0119czny i wzruszony okazanym mi zaufaniem. Obiecuj\u0119 zrobi\u0107 wszystko co w mojej mocy, aby kampania, nad kt\u00f3r\u0105 wszyscy, solidarnie z Pani\u0105 Prezes, przypinamy dzi\u015b r\u00f3\u017cow\u0105 wst\u0105\u017ck\u0119, spe\u0142ni\u0142a swoje zadanie i w kr\u00f3tkim czasie mieszkanki Krosna i powiatu kro\u015bnie\u0144skiego mog\u0142y podda\u0107 si\u0119 profesjonalnym badaniom na sprz\u0119cie, na kt\u00f3ry zas\u0142uguj\u0105.\u00a0<\/span><\/em><\/p>\n<p style=\"text-align: right;\"><strong><em>Grzegorz Nieradka \u00a0<\/em><\/strong><\/p>\n<p style=\"text-align: justify;\">Poni\u017cej publikujemy tak\u017ce fragment listu skierowanego przez Pani\u0105 Kamil\u0119 Bogack\u0105 do Grzegorza Nieradki:<\/p>\n<p style=\"text-align: justify;\"><a href=\"http:\/\/grzegorznieradka.pl\/wp-content\/uploads\/2016\/10\/DSC_0083.jpg\"><img decoding=\"async\" loading=\"lazy\" class=\"alignnone size-full wp-image-2019\" src=\"http:\/\/grzegorznieradka.pl\/wp-content\/uploads\/2016\/10\/DSC_0083.jpg\" alt=\"dsc_0083\" width=\"2642\" height=\"1738\" srcset=\"http:\/\/grzegorznieradka.pl\/wp-content\/uploads\/2016\/10\/DSC_0083.jpg 2642w, http:\/\/grzegorznieradka.pl\/wp-content\/uploads\/2016\/10\/DSC_0083-300x197.jpg 300w, http:\/\/grzegorznieradka.pl\/wp-content\/uploads\/2016\/10\/DSC_0083-768x505.jpg 768w, http:\/\/grzegorznieradka.pl\/wp-content\/uploads\/2016\/10\/DSC_0083-1024x674.jpg 1024w\" sizes=\"(max-width: 2642px) 100vw, 2642px\" \/><\/a><\/p>\n<\/div>\n<\/div>\n","protected":false},"excerpt":{"rendered":"<p>Poni\u017cej publikujemy Apel, jaki na swojej stronie na facebooku wystosowa\u0142 Grzegorz Nieradka po w\u0142\u0105czeniu si\u0119 w realizacj\u0119\u00a0przedsi\u0119wzi\u0119cia Stowarzyszenia &#8222;Czy\u0144 Dobro, &#8230;<\/p>\n","protected":false},"author":2,"featured_media":1691,"comment_status":"closed","ping_status":"open","sticky":false,"template":"","format":"standard","meta":[],"categories":[72,74],"tags":[318,39,317,38],"_links":{"self":[{"href":"http:\/\/grzegorznieradka.pl\/index.php\/wp-json\/wp\/v2\/posts\/2018"}],"collection":[{"href":"http:\/\/grzegorznieradka.pl\/index.php\/wp-json\/wp\/v2\/posts"}],"about":[{"href":"http:\/\/grzegorznieradka.pl\/index.php\/wp-json\/wp\/v2\/types\/post"}],"author":[{"embeddable":true,"href":"http:\/\/grzegorznieradka.pl\/index.php\/wp-json\/wp\/v2\/users\/2"}],"replies":[{"embeddable":true,"href":"http:\/\/grzegorznieradka.pl\/index.php\/wp-json\/wp\/v2\/comments?post=2018"}],"version-history":[{"count":1,"href":"http:\/\/grzegorznieradka.pl\/index.php\/wp-json\/wp\/v2\/posts\/2018\/revisions"}],"predecessor-version":[{"id":2020,"href":"http:\/\/grzegorznieradka.pl\/index.php\/wp-json\/wp\/v2\/posts\/2018\/revisions\/2020"}],"wp:featuredmedia":[{"embeddable":true,"href":"http:\/\/grzegorznieradka.pl\/index.php\/wp-json\/wp\/v2\/media\/1691"}],"wp:attachment":[{"href":"http:\/\/grzegorznieradka.pl\/index.php\/wp-json\/wp\/v2\/media?parent=2018"}],"wp:term":[{"taxonomy":"category","embeddable":true,"href":"http:\/\/grzegorznieradka.pl\/index.php\/wp-json\/wp\/v2\/categories?post=2018"},{"taxonomy":"post_tag","embeddable":true,"href":"http:\/\/grzegorznieradka.pl\/index.php\/wp-json\/wp\/v2\/tags?post=2018"}],"curies":[{"name":"wp","href":"https:\/\/api.w.org\/{rel}","templated":true}]}}