{"id":2200,"date":"2017-04-04T17:55:13","date_gmt":"2017-04-04T15:55:13","guid":{"rendered":"http:\/\/grzegorznieradka.pl\/?p=2200"},"modified":"2017-04-04T18:28:33","modified_gmt":"2017-04-04T16:28:33","slug":"historyczne-obchody-vii-rocznicy-tragedii-smolenskiej-w-iwoniczu-zdroju","status":"publish","type":"post","link":"http:\/\/grzegorznieradka.pl\/index.php\/2017\/04\/04\/historyczne-obchody-vii-rocznicy-tragedii-smolenskiej-w-iwoniczu-zdroju\/","title":{"rendered":"Historyczne obchody VII rocznicy Tragedii Smole\u0144skiej w Iwoniczu-Zdroju"},"content":{"rendered":"<p style=\"text-align: justify;\"><strong>Og\u0142oszenie w dniu 10 lutego 2017 roku II edycji Konkursu \u201eWarto by\u0107 Polakiem\u201d po\u015bwi\u0119conego pami\u0119ci Prezydenta Rzeczypospolitej Polskiej Lecha Kaczy\u0144skiego, Msza \u015awi\u0119ta w intencji Ojczyzny oraz wszystkich Ofiar Tragedii Smole\u0144skiej za wstawiennictwem \u015awi\u0119tego Jana Paw\u0142a II, uroczysto\u015bci patriotyczne z udzia\u0142em Zespo\u0142u Szk\u00f3\u0142 Gastronomiczno-Hotelarskich w Iwoniczu-Zdroju oraz koncert fortepianowy w wykonaniu laureatki mi\u0119dzynarodowych konkurs\u00f3w pianistycznych Anieli Madery. Udzia\u0142 w\u0142adz szczebla pa\u0144stwowego, wojew\u00f3dzkiego, powiatowego i gminnego \u2013 tak Iwonicz-Zdr\u00f3j uczci\u0142 najwi\u0119ksz\u0105 tragedi\u0119 w powojennej historii Polski \u2013 Tragedi\u0119 Smole\u0144sk\u0105. <\/strong><\/p>\n<p style=\"text-align: justify;\">W niedziel\u0119, 2 kwietnia 2017 roku o godz. 15.00 w ko\u015bciele parafialnym pw. \u015awi\u0119tego Iwona i Matki Bo\u017cej Uzdrowienie Chorych w Iwoniczu-Zdroju z udzia\u0142em kilkuset os\u00f3b rozpocz\u0119\u0142o si\u0119 tradycyjne wielkopostne nabo\u017ce\u0144stwo Gorzkich \u017bali z kazaniem pasyjnym. G\u0142\u00f3wnym tematem by\u0142 motyw Krzy\u017ca \u015awi\u0119tego jako cierpienia i trudno\u015bci, na kt\u00f3rym Chrystus u\u015bmierci\u0142 grzechy ca\u0142ego \u015bwiata przeobra\u017caj\u0105c Krzy\u017c w narz\u0119dzie zwyci\u0119stwa i chwa\u0142y. Nast\u0119pnie sprawowana by\u0142a uroczysta Msza \u015awi\u0119ta koncelebrowana w intencji Ojczyzny i wszystkich Ofiar Tragedii Smole\u0144skiej za wstawiennictwem \u015awi\u0119tego Jana Paw\u0142a II w XII rocznic\u0119 Jego odej\u015bcia do Domu Ojca.<\/p>\n<p style=\"text-align: justify;\"><a href=\"http:\/\/grzegorznieradka.pl\/wp-content\/uploads\/2017\/04\/55.jpg\"><img decoding=\"async\" loading=\"lazy\" class=\"alignnone size-full wp-image-2207\" src=\"http:\/\/grzegorznieradka.pl\/wp-content\/uploads\/2017\/04\/55.jpg\" alt=\"55\" width=\"1200\" height=\"797\" srcset=\"http:\/\/grzegorznieradka.pl\/wp-content\/uploads\/2017\/04\/55.jpg 1200w, http:\/\/grzegorznieradka.pl\/wp-content\/uploads\/2017\/04\/55-300x199.jpg 300w, http:\/\/grzegorznieradka.pl\/wp-content\/uploads\/2017\/04\/55-768x510.jpg 768w, http:\/\/grzegorznieradka.pl\/wp-content\/uploads\/2017\/04\/55-1024x680.jpg 1024w\" sizes=\"(max-width: 1200px) 100vw, 1200px\" \/><\/a><\/p>\n<p style=\"text-align: justify;\"><a href=\"http:\/\/grzegorznieradka.pl\/wp-content\/uploads\/2017\/04\/53.jpg\"><img decoding=\"async\" loading=\"lazy\" class=\"alignnone size-full wp-image-2208\" src=\"http:\/\/grzegorznieradka.pl\/wp-content\/uploads\/2017\/04\/53.jpg\" alt=\"53\" width=\"1200\" height=\"797\" srcset=\"http:\/\/grzegorznieradka.pl\/wp-content\/uploads\/2017\/04\/53.jpg 1200w, http:\/\/grzegorznieradka.pl\/wp-content\/uploads\/2017\/04\/53-300x199.jpg 300w, http:\/\/grzegorznieradka.pl\/wp-content\/uploads\/2017\/04\/53-768x510.jpg 768w, http:\/\/grzegorznieradka.pl\/wp-content\/uploads\/2017\/04\/53-1024x680.jpg 1024w\" sizes=\"(max-width: 1200px) 100vw, 1200px\" \/><\/a><\/p>\n<p style=\"text-align: justify;\"><a href=\"http:\/\/grzegorznieradka.pl\/wp-content\/uploads\/2017\/04\/54.jpg\"><img decoding=\"async\" loading=\"lazy\" class=\"alignnone size-full wp-image-2209\" src=\"http:\/\/grzegorznieradka.pl\/wp-content\/uploads\/2017\/04\/54.jpg\" alt=\"54\" width=\"1200\" height=\"797\" srcset=\"http:\/\/grzegorznieradka.pl\/wp-content\/uploads\/2017\/04\/54.jpg 1200w, http:\/\/grzegorznieradka.pl\/wp-content\/uploads\/2017\/04\/54-300x199.jpg 300w, http:\/\/grzegorznieradka.pl\/wp-content\/uploads\/2017\/04\/54-768x510.jpg 768w, http:\/\/grzegorznieradka.pl\/wp-content\/uploads\/2017\/04\/54-1024x680.jpg 1024w\" sizes=\"(max-width: 1200px) 100vw, 1200px\" \/><\/a><\/p>\n<p style=\"text-align: justify;\">Po Eucharystii wszyscy uczestnicy udali si\u0119 do sali widowiskowo-teatralnej przy Placu Dietla, gdzie rozpocz\u0119\u0142a si\u0119 II cz\u0119\u015b\u0107 obchod\u00f3w. Tam prowadz\u0105cy spotkanie: Pani Karolina Skotnicka i Pan Grzegorz Nieradka powitali zebranych i przedstawili program spotkania.<\/p>\n<p style=\"text-align: justify;\"><a href=\"http:\/\/grzegorznieradka.pl\/wp-content\/uploads\/2017\/04\/1-1.jpg\"><img decoding=\"async\" loading=\"lazy\" class=\"alignnone size-full wp-image-2210\" src=\"http:\/\/grzegorznieradka.pl\/wp-content\/uploads\/2017\/04\/1-1.jpg\" alt=\"1\" width=\"1200\" height=\"797\" srcset=\"http:\/\/grzegorznieradka.pl\/wp-content\/uploads\/2017\/04\/1-1.jpg 1200w, http:\/\/grzegorznieradka.pl\/wp-content\/uploads\/2017\/04\/1-1-300x199.jpg 300w, http:\/\/grzegorznieradka.pl\/wp-content\/uploads\/2017\/04\/1-1-768x510.jpg 768w, http:\/\/grzegorznieradka.pl\/wp-content\/uploads\/2017\/04\/1-1-1024x680.jpg 1024w\" sizes=\"(max-width: 1200px) 100vw, 1200px\" \/><\/a><\/p>\n<p style=\"text-align: justify;\">W\u015br\u00f3d go\u015bci obecny by\u0142 przedstawiciel Parlamentu Rzeczypospolitej Polskiej Pose\u0142 na Sejm Pan Piotr Babinetz, Starosta Kro\u015bnie\u0144ski Pan Jan Juszczak, Radni Powiatu Kro\u015bnie\u0144skiego Pani Dorota Tomasiewicz i Pan Stanis\u0142aw Kenar, Przewodnicz\u0105cy Rady Miejskiej w Iwoniczu-Zdroju Pan J\u00f3zef Sowi\u0144ski, Przewodnicz\u0105cy Komisji O\u015bwiaty, Kultury, Zdrowia i Kultury Fizycznej Pan Marcin Zaj\u0105c, So\u0142tys Iwonicza Pan Waldemar Niemczyk, Sekretarz\u00a0 Zarz\u0105du Komitetu Gminnego Prawa i Sprawiedliwo\u015bci w Iwoniczu-Zdroju Pan Bogdan Skotnicki, Prezes Zarz\u0105du Stowarzyszenia \u201eCzy\u0144 Dobro, Mimo Wszystko\u201d Pani Kamila Bogacka, Pani hrabina Tarnowska z Dukli, Zarz\u0105d Stowarzyszenia Przyjaci\u00f3\u0142 Iwonicza-Zdroju na czele z Pani\u0105 Halin\u0105 J\u00f3zefczyk-Habrat, Wiceprezes Zarz\u0105du Iwonickiego Stowarzyszenia \u201eOcali\u0107 od zapomnienia\u201d i Radny Rady Miejskiej Pan Marek Bli\u017cycki wraz z ma\u0142\u017conk\u0105, zast\u0119pca dyrektora rzeszowskiego oddzia\u0142u Agencji Restrukturyzacji i Modernizacji Rolnictwa Pan Wies\u0142aw Polek, dyrektorzy szk\u00f3\u0142, nauczyciele i uczniowie wraz z rodzicami, kt\u00f3rzy wzi\u0119li aktywny udzia\u0142 w II edycji Konkursu \u201eWarto by\u0107 Polakiem\u201d oraz mieszka\u0144cy i go\u015bcie Iwonicza-Zdroju.<\/p>\n<p style=\"text-align: justify;\"><a href=\"http:\/\/grzegorznieradka.pl\/wp-content\/uploads\/2017\/04\/3-1.jpg\"><img decoding=\"async\" loading=\"lazy\" class=\"alignnone size-full wp-image-2211\" src=\"http:\/\/grzegorznieradka.pl\/wp-content\/uploads\/2017\/04\/3-1.jpg\" alt=\"3\" width=\"1200\" height=\"797\" srcset=\"http:\/\/grzegorznieradka.pl\/wp-content\/uploads\/2017\/04\/3-1.jpg 1200w, http:\/\/grzegorznieradka.pl\/wp-content\/uploads\/2017\/04\/3-1-300x199.jpg 300w, http:\/\/grzegorznieradka.pl\/wp-content\/uploads\/2017\/04\/3-1-768x510.jpg 768w, http:\/\/grzegorznieradka.pl\/wp-content\/uploads\/2017\/04\/3-1-1024x680.jpg 1024w\" sizes=\"(max-width: 1200px) 100vw, 1200px\" \/><\/a><\/p>\n<p style=\"text-align: justify;\"><a href=\"http:\/\/grzegorznieradka.pl\/wp-content\/uploads\/2017\/04\/6.jpg\"><img decoding=\"async\" loading=\"lazy\" class=\"alignnone size-full wp-image-2213\" src=\"http:\/\/grzegorznieradka.pl\/wp-content\/uploads\/2017\/04\/6.jpg\" alt=\"6\" width=\"1200\" height=\"797\" srcset=\"http:\/\/grzegorznieradka.pl\/wp-content\/uploads\/2017\/04\/6.jpg 1200w, http:\/\/grzegorznieradka.pl\/wp-content\/uploads\/2017\/04\/6-300x199.jpg 300w, http:\/\/grzegorznieradka.pl\/wp-content\/uploads\/2017\/04\/6-768x510.jpg 768w, http:\/\/grzegorznieradka.pl\/wp-content\/uploads\/2017\/04\/6-1024x680.jpg 1024w\" sizes=\"(max-width: 1200px) 100vw, 1200px\" \/><\/a><\/p>\n<p style=\"text-align: justify;\"><a href=\"http:\/\/grzegorznieradka.pl\/wp-content\/uploads\/2017\/04\/4.jpg\"><img decoding=\"async\" loading=\"lazy\" class=\"alignnone size-full wp-image-2214\" src=\"http:\/\/grzegorznieradka.pl\/wp-content\/uploads\/2017\/04\/4.jpg\" alt=\"4\" width=\"1200\" height=\"797\" srcset=\"http:\/\/grzegorznieradka.pl\/wp-content\/uploads\/2017\/04\/4.jpg 1200w, http:\/\/grzegorznieradka.pl\/wp-content\/uploads\/2017\/04\/4-300x199.jpg 300w, http:\/\/grzegorznieradka.pl\/wp-content\/uploads\/2017\/04\/4-768x510.jpg 768w, http:\/\/grzegorznieradka.pl\/wp-content\/uploads\/2017\/04\/4-1024x680.jpg 1024w\" sizes=\"(max-width: 1200px) 100vw, 1200px\" \/><\/a><\/p>\n<p style=\"text-align: justify;\"><a href=\"http:\/\/grzegorznieradka.pl\/wp-content\/uploads\/2017\/04\/5.jpg\"><img decoding=\"async\" loading=\"lazy\" class=\"alignnone size-full wp-image-2215\" src=\"http:\/\/grzegorznieradka.pl\/wp-content\/uploads\/2017\/04\/5.jpg\" alt=\"5\" width=\"1200\" height=\"797\" srcset=\"http:\/\/grzegorznieradka.pl\/wp-content\/uploads\/2017\/04\/5.jpg 1200w, http:\/\/grzegorznieradka.pl\/wp-content\/uploads\/2017\/04\/5-300x199.jpg 300w, http:\/\/grzegorznieradka.pl\/wp-content\/uploads\/2017\/04\/5-768x510.jpg 768w, http:\/\/grzegorznieradka.pl\/wp-content\/uploads\/2017\/04\/5-1024x680.jpg 1024w\" sizes=\"(max-width: 1200px) 100vw, 1200px\" \/><\/a><\/p>\n<p style=\"text-align: justify;\">Organizatorzy przekazali r\u00f3wnie\u017c s\u0142owa pozdrowie\u0144 dla uczestnik\u00f3w od Senator Rzeczypospolitej Polskiej Pani Alicji Zaj\u0105c, Pos\u0142a na Sejm Rzeczypospolitej Polskiej Pana Bogdana Rzo\u0144cy, Wiceprzewodnicz\u0105cej Sejmiku Wojew\u00f3dztwa Podkarpackiego Doroty Chilik oraz Zast\u0119pcy Przewodnicz\u0105cego Komisji Krajowej Niezale\u017cnego Samorz\u0105dnego Zwi\u0105zku Zawodowego \u201eSolidarno\u015b\u0107\u201d Pana Tadeusza Majchrowicza, kt\u00f3rzy wsparli rzeczowo organizacj\u0119 Konkursu, ale z r\u00f3\u017cnych przyczyn nie mogli dotrze\u0107 na uroczysto\u015b\u0107. Patronat medialny nad wydarzeniem obj\u0105\u0142 portal terazKrosno.pl<\/p>\n<p style=\"text-align: justify;\"><strong>List do Uczestnik\u00f3w i Organizator\u00f3w Obchod\u00f3w VII rocznicy Tragedii Smole\u0144skiej w Iwoniczu-Zdroju wystosowa\u0142 Marsza\u0142ek Sejmu Rzeczypospolitej Polskiej Pan Marek Kuchci\u0144ski.\u00a0<\/strong><\/p>\n<p style=\"text-align: justify;\"><a href=\"http:\/\/grzegorznieradka.pl\/wp-content\/uploads\/2017\/04\/List-Marsza\u0142ka-Sejmu-RP.jpg\"><img decoding=\"async\" loading=\"lazy\" class=\"alignnone size-full wp-image-2201\" src=\"http:\/\/grzegorznieradka.pl\/wp-content\/uploads\/2017\/04\/List-Marsza\u0142ka-Sejmu-RP.jpg\" alt=\"List Marsza\u0142ka Sejmu RP\" width=\"2456\" height=\"3484\" srcset=\"http:\/\/grzegorznieradka.pl\/wp-content\/uploads\/2017\/04\/List-Marsza\u0142ka-Sejmu-RP.jpg 2456w, http:\/\/grzegorznieradka.pl\/wp-content\/uploads\/2017\/04\/List-Marsza\u0142ka-Sejmu-RP-211x300.jpg 211w, http:\/\/grzegorznieradka.pl\/wp-content\/uploads\/2017\/04\/List-Marsza\u0142ka-Sejmu-RP-768x1089.jpg 768w, http:\/\/grzegorznieradka.pl\/wp-content\/uploads\/2017\/04\/List-Marsza\u0142ka-Sejmu-RP-722x1024.jpg 722w\" sizes=\"(max-width: 2456px) 100vw, 2456px\" \/><\/a><\/p>\n<p style=\"text-align: justify;\">Prowadz\u0105cy spotkanie zaprosili na scen\u0119 uczni\u00f3w Zespo\u0142u Szk\u00f3\u0142 Gastronomiczno-Hotelarskich w Iwoniczu-Zdroju pod opiek\u0105 Pani Haliny J\u00f3zefczyk-Habrat, Pani Bo\u017ceny Nizio\u0142ek i Pani Agnieszki Mas\u0142yk, kt\u00f3rzy poprosili o powstanie i wsp\u00f3lne od\u015bpiewanie wszystkich czterech zwrotek Polskiego Hymnu Narodowego.<\/p>\n<p style=\"text-align: justify;\"><a href=\"http:\/\/grzegorznieradka.pl\/wp-content\/uploads\/2017\/04\/9.jpg\"><img decoding=\"async\" loading=\"lazy\" class=\"alignnone size-full wp-image-2216\" src=\"http:\/\/grzegorznieradka.pl\/wp-content\/uploads\/2017\/04\/9.jpg\" alt=\"9\" width=\"1200\" height=\"797\" srcset=\"http:\/\/grzegorznieradka.pl\/wp-content\/uploads\/2017\/04\/9.jpg 1200w, http:\/\/grzegorznieradka.pl\/wp-content\/uploads\/2017\/04\/9-300x199.jpg 300w, http:\/\/grzegorznieradka.pl\/wp-content\/uploads\/2017\/04\/9-768x510.jpg 768w, http:\/\/grzegorznieradka.pl\/wp-content\/uploads\/2017\/04\/9-1024x680.jpg 1024w\" sizes=\"(max-width: 1200px) 100vw, 1200px\" \/><\/a><\/p>\n<p style=\"text-align: justify;\">Po tym najbardziej uroczystym momencie rozpocz\u0119\u0142a si\u0119 cz\u0119\u015b\u0107 artystyczna spotkania. Uczniowie zaprezentowali najwy\u017cszy poziom poprzez niezwykle rozbudowany i bardzo ambitny program. Wzruszaj\u0105ce deklamacje poezji patriotycznej, poruszaj\u0105ce wykonania utwor\u00f3w muzycznych, wykonanie Poloneza \u2013 reprezentacyjnego polskiego ta\u0144ca narodowego w przepi\u0119knych strojach szlacheckich przez Zesp\u00f3\u0142 Ta\u0144ca Ludowego \u201ePog\u00f3rzanie\u201d w G\u0142owience pod kierunkiem Pani Ma\u0142gorzaty Machnik. Wszystko to opatrzone starannie dobran\u0105 muzyk\u0105, efektami \u015bwietlnymi oraz obrazami wy\u015bwietlanymi w tle. Wreszcie chwytaj\u0105cy za serce Apel Smole\u0144ski z wezwaniem \u201eSta\u0144cie do apelu!\u201d do Prezydenta Rzeczypospolitej Polskiej i Zwierzchnika Polskich Si\u0142 Zbrojnych Lecha Kaczy\u0144skiego, Pierwszej Damy Rzeczypospolitej Polskiej Marii Kaczy\u0144skiej, Ostatniego Prezydenta na uchod\u017actwie Ryszarda Kaczorowskiego, Ksi\u0119\u017cy Biskup\u00f3w r\u00f3\u017cnych wyzna\u0144, Genera\u0142\u00f3w Wojska Polskiego i zarazem dow\u00f3dc\u00f3w wszystkich rodzaj\u00f3w si\u0142 zbrojnych, ministr\u00f3w, parlamentarzyst\u00f3w, szef\u00f3w centralnych instytucji pa\u0144stwowych, cz\u0142onk\u00f3w rodzin katy\u0144skich, oficer\u00f3w Biura Ochrony Rz\u0105du i za\u0142ogi rz\u0105dowego samolotu TU 154 M, kt\u00f3rzy w sobotni poranek, 10 kwietnia 2010 roku udawali si\u0119 do Katynia, aby odda\u0107 ho\u0142d ofiarom ludob\u00f3jstwa dokonanego przez sowiet\u00f3w na ponad 22 tysi\u0105cach polskich oficer\u00f3w, lekarzy i in\u017cynier\u00f3w w 70. rocznic\u0119 zbrodni.<\/p>\n<p style=\"text-align: justify;\"><a href=\"http:\/\/grzegorznieradka.pl\/wp-content\/uploads\/2017\/04\/11.jpg\"><img decoding=\"async\" loading=\"lazy\" class=\"alignnone size-full wp-image-2217\" src=\"http:\/\/grzegorznieradka.pl\/wp-content\/uploads\/2017\/04\/11.jpg\" alt=\"11\" width=\"1200\" height=\"797\" srcset=\"http:\/\/grzegorznieradka.pl\/wp-content\/uploads\/2017\/04\/11.jpg 1200w, http:\/\/grzegorznieradka.pl\/wp-content\/uploads\/2017\/04\/11-300x199.jpg 300w, http:\/\/grzegorznieradka.pl\/wp-content\/uploads\/2017\/04\/11-768x510.jpg 768w, http:\/\/grzegorznieradka.pl\/wp-content\/uploads\/2017\/04\/11-1024x680.jpg 1024w\" sizes=\"(max-width: 1200px) 100vw, 1200px\" \/><\/a><\/p>\n<p style=\"text-align: justify;\"><a href=\"http:\/\/grzegorznieradka.pl\/wp-content\/uploads\/2017\/04\/15.jpg\"><img decoding=\"async\" loading=\"lazy\" class=\"alignnone size-full wp-image-2218\" src=\"http:\/\/grzegorznieradka.pl\/wp-content\/uploads\/2017\/04\/15.jpg\" alt=\"15\" width=\"1200\" height=\"797\" srcset=\"http:\/\/grzegorznieradka.pl\/wp-content\/uploads\/2017\/04\/15.jpg 1200w, http:\/\/grzegorznieradka.pl\/wp-content\/uploads\/2017\/04\/15-300x199.jpg 300w, http:\/\/grzegorznieradka.pl\/wp-content\/uploads\/2017\/04\/15-768x510.jpg 768w, http:\/\/grzegorznieradka.pl\/wp-content\/uploads\/2017\/04\/15-1024x680.jpg 1024w\" sizes=\"(max-width: 1200px) 100vw, 1200px\" \/><\/a><\/p>\n<p style=\"text-align: justify;\"><a href=\"http:\/\/grzegorznieradka.pl\/wp-content\/uploads\/2017\/04\/21.jpg\"><img decoding=\"async\" loading=\"lazy\" class=\"alignnone size-full wp-image-2219\" src=\"http:\/\/grzegorznieradka.pl\/wp-content\/uploads\/2017\/04\/21.jpg\" alt=\"21\" width=\"1200\" height=\"797\" srcset=\"http:\/\/grzegorznieradka.pl\/wp-content\/uploads\/2017\/04\/21.jpg 1200w, http:\/\/grzegorznieradka.pl\/wp-content\/uploads\/2017\/04\/21-300x199.jpg 300w, http:\/\/grzegorznieradka.pl\/wp-content\/uploads\/2017\/04\/21-768x510.jpg 768w, http:\/\/grzegorznieradka.pl\/wp-content\/uploads\/2017\/04\/21-1024x680.jpg 1024w\" sizes=\"(max-width: 1200px) 100vw, 1200px\" \/><\/a><\/p>\n<p style=\"text-align: justify;\"><a href=\"http:\/\/grzegorznieradka.pl\/wp-content\/uploads\/2017\/04\/23.jpg\"><img decoding=\"async\" loading=\"lazy\" class=\"alignnone size-full wp-image-2220\" src=\"http:\/\/grzegorznieradka.pl\/wp-content\/uploads\/2017\/04\/23.jpg\" alt=\"23\" width=\"1200\" height=\"797\" srcset=\"http:\/\/grzegorznieradka.pl\/wp-content\/uploads\/2017\/04\/23.jpg 1200w, http:\/\/grzegorznieradka.pl\/wp-content\/uploads\/2017\/04\/23-300x199.jpg 300w, http:\/\/grzegorznieradka.pl\/wp-content\/uploads\/2017\/04\/23-768x510.jpg 768w, http:\/\/grzegorznieradka.pl\/wp-content\/uploads\/2017\/04\/23-1024x680.jpg 1024w\" sizes=\"(max-width: 1200px) 100vw, 1200px\" \/><\/a><\/p>\n<p style=\"text-align: justify;\"><a href=\"http:\/\/grzegorznieradka.pl\/wp-content\/uploads\/2017\/04\/24-1.jpg\"><img decoding=\"async\" loading=\"lazy\" class=\"alignnone size-full wp-image-2222\" src=\"http:\/\/grzegorznieradka.pl\/wp-content\/uploads\/2017\/04\/24-1.jpg\" alt=\"24\" width=\"1200\" height=\"797\" srcset=\"http:\/\/grzegorznieradka.pl\/wp-content\/uploads\/2017\/04\/24-1.jpg 1200w, http:\/\/grzegorznieradka.pl\/wp-content\/uploads\/2017\/04\/24-1-300x199.jpg 300w, http:\/\/grzegorznieradka.pl\/wp-content\/uploads\/2017\/04\/24-1-768x510.jpg 768w, http:\/\/grzegorznieradka.pl\/wp-content\/uploads\/2017\/04\/24-1-1024x680.jpg 1024w\" sizes=\"(max-width: 1200px) 100vw, 1200px\" \/><\/a><\/p>\n<p style=\"text-align: justify;\"><a href=\"http:\/\/grzegorznieradka.pl\/wp-content\/uploads\/2017\/04\/26.jpg\"><img decoding=\"async\" loading=\"lazy\" class=\"alignnone size-full wp-image-2223\" src=\"http:\/\/grzegorznieradka.pl\/wp-content\/uploads\/2017\/04\/26.jpg\" alt=\"26\" width=\"1200\" height=\"797\" srcset=\"http:\/\/grzegorznieradka.pl\/wp-content\/uploads\/2017\/04\/26.jpg 1200w, http:\/\/grzegorznieradka.pl\/wp-content\/uploads\/2017\/04\/26-300x199.jpg 300w, http:\/\/grzegorznieradka.pl\/wp-content\/uploads\/2017\/04\/26-768x510.jpg 768w, http:\/\/grzegorznieradka.pl\/wp-content\/uploads\/2017\/04\/26-1024x680.jpg 1024w\" sizes=\"(max-width: 1200px) 100vw, 1200px\" \/><\/a><\/p>\n<p style=\"text-align: justify;\">\u0141\u0105cznie 96 ofiar, najwy\u017cszych przedstawicieli Pa\u0144stwa Polskiego, kt\u00f3rzy zgin\u0119li siedem lat temu w wigili\u0119 Niedzieli Mi\u0142osierdzia Bo\u017cego. W t\u0119 \u017ce wigili\u0119, pi\u0119\u0107 lat wcze\u015bniej, spokojnie do domu Ojca odszed\u0142 Jan Pawe\u0142 II. Sobota przed og\u0142oszon\u0105 przez niego Niedziel\u0105 Mi\u0142osierdzia Bo\u017cego po raz drugi sta\u0142a si\u0119 dniem, w kt\u00f3rym Polska straci\u0142a kogo\u015b bardzo wa\u017cnego.<\/p>\n<p><strong>Prezydent idzie na Wawel <\/strong><em>(Autor: Henryk Krzy\u017canowski) <\/em><\/p>\n<p>D\u017awi\u0119czy requiem pod dzwonu kloszem,<\/p>\n<p>Salonowcy &#8211;\u00a0 sko\u0144czcie t\u0119 wrzaw\u0119.<\/p>\n<p>O czas smutnej zadumy prosz\u0119,<\/p>\n<p>gdy Prezydent idzie na Wawel.<\/p>\n<p>Kogo wiedzie w \u017ca\u0142obnej gali?<\/p>\n<p>Jakie\u015b cienie, mundury krwawe,<\/p>\n<p>ci w Katyniu z do\u0142\u00f3w powstali,<\/p>\n<p>z Prezydentem id\u0105 na Wawel.<\/p>\n<p>&nbsp;<\/p>\n<p><em>Id\u0105 wolno, lecz r\u00f3wnym krokiem,<\/em><\/p>\n<p><em>bo im marsza rozbrzmiewa grave.<\/em><\/p>\n<p><em>Niezbadanym Boga wyrokiem<\/em><\/p>\n<p><em>z Prezydentem ci\u0105gn\u0105 na Wawel.<\/em><\/p>\n<p>&nbsp;<\/p>\n<p>Gdy pr\u00f3g przejd\u0105 kr\u00f3lewskich pokoi,<\/p>\n<p>kr\u00f3tki apel \u2013 czas z misji zda\u0107 spraw\u0119,<\/p>\n<p>potem spa\u0107 \u2013 pierwsza noc ju\u017c w\u015br\u00f3d swoich<\/p>\n<p>z Prezydentem, co wwi\u00f3d\u0142 ich na Wawel.<\/p>\n<p>Cicho! \u015bpi\u0105 \u2026Ale mo\u017ce obudzi<\/p>\n<p>ich los w nas to, co czyste i prawe?<\/p>\n<p>Niech pojedna \u2013 partie i ludzi,<\/p>\n<p>dzie\u0144, gdy oni dotarli na Wawel.<\/p>\n<p style=\"text-align: justify;\">Niespodziank\u0105 tego wieczoru by\u0142 dla uczestnik\u00f3w uroczysto\u015bci wyst\u0119p Anieli Madery \u2013 uczennicy VI klasy Og\u00f3lnokszta\u0142c\u0105cej Szko\u0142y Muzycznej II stopnia w Kro\u015bnie w klasie fortepianu mgr Iwony Madery. Warsztat pianistyczny\u00a0 Aniela doskonali uczestnicz\u0105c w wielu kursach i lekcjach mistrzowskich m.in. w Dusznikach Zdroju u Philippe Giusiano, w\u00a0 Krakowie u prof. Pikula, Gda\u0144sku i Sanoku. W sierpniu, dzi\u0119ki otrzymanemu stypendium,\u00a0 bra\u0142a udzia\u0142 w kursie mistrzowskim w Izraelu. Za wysokie wyniki w nauce otrzyma\u0142a stypendium Prezesa Rady Ministr\u00f3w, za osi\u0105gni\u0119cia artystyczne w latach 2015\/2016 stypendium Marsza\u0142ka Wojew\u00f3dztwa Podkarpackiego oraz Nagrod\u0119 Prezydenta Miasta Krosna. Od dw\u00f3ch lat jest stypendystk\u0105 Krajowego Funduszu na Rzecz Dzieci. W programie koncertu po\u015bwi\u0119conego pami\u0119ci \u015aw. Jana Paw\u0142a II oraz Ofiar Tragedii Smole\u0144skiej znalaz\u0142y si\u0119 nast\u0119puj\u0105ce utwory:<\/p>\n<p style=\"text-align: justify;\">Fryderyk Chopin- Mazurki opus 24<\/p>\n<p style=\"text-align: justify;\">Fryderyk Chopin-Etiuda a-moll opus 25 numer 4<\/p>\n<p style=\"text-align: justify;\">Fryderyk Chopin- Barkarola Fis-dur opus 60.<\/p>\n<p style=\"text-align: justify;\"><a href=\"http:\/\/grzegorznieradka.pl\/wp-content\/uploads\/2017\/04\/31.jpg\"><img decoding=\"async\" loading=\"lazy\" class=\"alignnone size-full wp-image-2225\" src=\"http:\/\/grzegorznieradka.pl\/wp-content\/uploads\/2017\/04\/31.jpg\" alt=\"31\" width=\"1200\" height=\"797\" srcset=\"http:\/\/grzegorznieradka.pl\/wp-content\/uploads\/2017\/04\/31.jpg 1200w, http:\/\/grzegorznieradka.pl\/wp-content\/uploads\/2017\/04\/31-300x199.jpg 300w, http:\/\/grzegorznieradka.pl\/wp-content\/uploads\/2017\/04\/31-768x510.jpg 768w, http:\/\/grzegorznieradka.pl\/wp-content\/uploads\/2017\/04\/31-1024x680.jpg 1024w\" sizes=\"(max-width: 1200px) 100vw, 1200px\" \/><\/a><\/p>\n<p style=\"text-align: justify;\"><a href=\"http:\/\/grzegorznieradka.pl\/wp-content\/uploads\/2017\/04\/30.jpg\"><img decoding=\"async\" loading=\"lazy\" class=\"alignnone size-full wp-image-2226\" src=\"http:\/\/grzegorznieradka.pl\/wp-content\/uploads\/2017\/04\/30.jpg\" alt=\"30\" width=\"1200\" height=\"797\" srcset=\"http:\/\/grzegorznieradka.pl\/wp-content\/uploads\/2017\/04\/30.jpg 1200w, http:\/\/grzegorznieradka.pl\/wp-content\/uploads\/2017\/04\/30-300x199.jpg 300w, http:\/\/grzegorznieradka.pl\/wp-content\/uploads\/2017\/04\/30-768x510.jpg 768w, http:\/\/grzegorznieradka.pl\/wp-content\/uploads\/2017\/04\/30-1024x680.jpg 1024w\" sizes=\"(max-width: 1200px) 100vw, 1200px\" \/><\/a><\/p>\n<p style=\"text-align: justify;\"><a href=\"http:\/\/grzegorznieradka.pl\/wp-content\/uploads\/2017\/04\/32.jpg\"><img decoding=\"async\" loading=\"lazy\" class=\"alignnone size-full wp-image-2227\" src=\"http:\/\/grzegorznieradka.pl\/wp-content\/uploads\/2017\/04\/32.jpg\" alt=\"32\" width=\"1200\" height=\"797\" srcset=\"http:\/\/grzegorznieradka.pl\/wp-content\/uploads\/2017\/04\/32.jpg 1200w, http:\/\/grzegorznieradka.pl\/wp-content\/uploads\/2017\/04\/32-300x199.jpg 300w, http:\/\/grzegorznieradka.pl\/wp-content\/uploads\/2017\/04\/32-768x510.jpg 768w, http:\/\/grzegorznieradka.pl\/wp-content\/uploads\/2017\/04\/32-1024x680.jpg 1024w\" sizes=\"(max-width: 1200px) 100vw, 1200px\" \/><\/a><\/p>\n<p style=\"text-align: justify;\">Pi\u0119kne wykonanie Chopina wzmocni\u0142o jeszcze bardziej zbudowany wcze\u015bniej cudowny patriotyczny nastr\u00f3j i w takich okoliczno\u015bciach, po nagrodzeniu artystki burz\u0105 oklask\u00f3w i wr\u0119czeniu przez Organizator\u00f3w upomink\u00f3w, g\u0142os zabra\u0142a Pani Kamila Bogacka \u2013 Prezes Zarz\u0105du Stowarzyszenia \u201eCzy\u0144 Dobro, Mimo Wszystko\u201d, a prywatnie c\u00f3rka doktora Kamila Bogackiego \u2013 osobistego lekarza Marsza\u0142ka J\u00f3zefa Pi\u0142sudskiego i przyjaciela Prezydenta Stan\u00f3w Zjednoczonych Thomasa Woodrow Wilsona. Zwr\u00f3ci\u0142a si\u0119 w s\u0142owach podzi\u0119kowania do Pana Grzegorza Nieradki \u2013 organizatora uroczysto\u015bci \u2013 dzi\u0119kuj\u0105c za trud w\u0142o\u017cony w patriotyczne wychowanie najm\u0142odszego pokolenia oraz gratuluj\u0105c najwy\u017cszego poziomu spotkania. Przekaza\u0142a tak\u017ce gratulacje dyrektorom szk\u00f3\u0142, nauczycielom, rodzicom i uczniom, kt\u00f3rzy za kilka chwil mieli odebra\u0107 cenne nagrody w Konkursie.<\/p>\n<p style=\"text-align: justify;\"><a href=\"http:\/\/grzegorznieradka.pl\/wp-content\/uploads\/2017\/04\/35.jpg\"><img decoding=\"async\" loading=\"lazy\" class=\"alignnone size-full wp-image-2228\" src=\"http:\/\/grzegorznieradka.pl\/wp-content\/uploads\/2017\/04\/35.jpg\" alt=\"35\" width=\"1200\" height=\"797\" srcset=\"http:\/\/grzegorznieradka.pl\/wp-content\/uploads\/2017\/04\/35.jpg 1200w, http:\/\/grzegorznieradka.pl\/wp-content\/uploads\/2017\/04\/35-300x199.jpg 300w, http:\/\/grzegorznieradka.pl\/wp-content\/uploads\/2017\/04\/35-768x510.jpg 768w, http:\/\/grzegorznieradka.pl\/wp-content\/uploads\/2017\/04\/35-1024x680.jpg 1024w\" sizes=\"(max-width: 1200px) 100vw, 1200px\" \/><\/a><\/p>\n<p style=\"text-align: justify;\">Po tym wyst\u0105pieniu przyst\u0105piono do ostatniego elementu programu, wyczekiwanego zw\u0142aszcza przez dzieci czyli rozstrzygni\u0119cia i przyznania nagr\u00f3d w II edycji Konkursu \u201eWarto by\u0107 Polakiem\u201d po\u015bwi\u0119conego pami\u0119ci Prezydenta Lecha Kaczy\u0144skiego. W imieniu Ministra Obrony Narodowej Pana Antoniego Macierewicza Konkurs Patronatem Honorowym obj\u0105\u0142 Podsekretarz Stanu w Ministerstwie Obrony Narodowej prof. Wojciech Fa\u0142kowski. Prowadz\u0105cy zwr\u00f3cili uwag\u0119, \u017ce tegoroczna edycja uzyska\u0142a rekordowe wsparcie od szeregu instytucji pa\u0144stwowych. Nagrody rzeczowe dla laureat\u00f3w i uczestnik\u00f3w Konkursu przekaza\u0142a Kancelaria Prezydenta Rzeczypospolitej Polskiej Andrzeja Dudy, Gabinet Marsza\u0142ka Sejmu Rzeczypospolitej Polskiej Marka Kuchci\u0144skiego, Ministerstwo Spraw Wewn\u0119trznych i Administracji, Ministerstwo Edukacji Narodowej, Ministerstwo Kultury i Dziedzictwa Narodowego, Ministerstwo Sportu i Turystyki, Instytut Pami\u0119ci Narodowej, Niezale\u017cny Samorz\u0105dny Zwi\u0105zek Zawodowy \u201eSolidarno\u015b\u0107\u201d, Prezes Prawa i Sprawiedliwo\u015bci Jaros\u0142aw Kaczy\u0144ski, Senator Rzeczypospolitej Polskiej Alicja Zaj\u0105c, Pose\u0142 na Sejm Rzeczypospolitej Polskiej Piotr Babinetz, Wydawnictwo Arcana, Wydawnictwo Bia\u0142y Kruk, Wydawnictwo Fronda, Tygodnik Gazeta Polska i Tygodnik Do Rzeczy. W\u015br\u00f3d nagr\u00f3d znalaz\u0142y si\u0119 oprawione zdj\u0119cia z autografami Pary Prezydenckiej, ksi\u0105\u017cki z osobist\u0105 dedykacj\u0105 Premiera Jaros\u0142awa Kaczy\u0144skiego, cenne albumy i ksi\u0105\u017cki, filmy dokumentalne i p\u0142yty z utworami polskich kompozytor\u00f3w, eleganckie pi\u00f3ra i d\u0142ugopisy, gry edukacyjne, puzzle, s\u0142uchawki, power-banki, pen-drive\u2019y i inne funkcjonalne gad\u017cety.<\/p>\n<p style=\"text-align: justify;\">Na scen\u0119 zaproszono Pos\u0142a na Sejm RP Pana Piotra Babinetza oraz Starost\u0119 Kro\u015bnie\u0144skiego Pana Jana Juszczaka, kt\u00f3rzy zwr\u00f3cili si\u0119 do zebranych poruszaj\u0105c w swoich wyst\u0105pieniach\u00a0 potrzeb\u0119 piel\u0119gnacji prawdy historycznej dotycz\u0105cej Zbrodni Katy\u0144skiej oraz Tragedii Smole\u0144skiej. Pogratulowali tak\u017ce Organizatorom pi\u0119knego przebiegu uroczysto\u015bci. Na scen\u0119 zaproszono r\u00f3wnie\u017c cz\u0142onk\u00f3w Komisji Konkursowej Pani\u0105 Halin\u0119 J\u00f3zefczyk-Habrat i Pana J\u00f3zefa Sowi\u0144skiego. Przewodnicz\u0105cy Komisji Konkursowej Pan Grzegorz Nieradka odczyta\u0142 protok\u00f3\u0142, a cz\u0142onkowie Komisji wr\u0119czyli nagrody rzeczowe dla 85 uczni\u00f3w szk\u00f3\u0142 podstawowych, gimnazj\u00f3w i szk\u00f3\u0142 \u015brednich. \u0141\u0105cznie w konkursie wzi\u0119\u0142o udzia\u0142 blisko 150 uczni\u00f3w \u2013 ka\u017cdy otrzyma\u0142 z r\u0105k komisji dyplom uczestnictwa oraz upominki w postaci s\u0142odyczy i gad\u017cet\u00f3w.<\/p>\n<p style=\"text-align: justify;\"><a href=\"http:\/\/grzegorznieradka.pl\/wp-content\/uploads\/2017\/04\/37.jpg\"><img decoding=\"async\" loading=\"lazy\" class=\"alignnone size-full wp-image-2229\" src=\"http:\/\/grzegorznieradka.pl\/wp-content\/uploads\/2017\/04\/37.jpg\" alt=\"37\" width=\"1200\" height=\"797\" srcset=\"http:\/\/grzegorznieradka.pl\/wp-content\/uploads\/2017\/04\/37.jpg 1200w, http:\/\/grzegorznieradka.pl\/wp-content\/uploads\/2017\/04\/37-300x199.jpg 300w, http:\/\/grzegorznieradka.pl\/wp-content\/uploads\/2017\/04\/37-768x510.jpg 768w, http:\/\/grzegorznieradka.pl\/wp-content\/uploads\/2017\/04\/37-1024x680.jpg 1024w\" sizes=\"(max-width: 1200px) 100vw, 1200px\" \/><\/a><\/p>\n<p style=\"text-align: justify;\"><a href=\"http:\/\/grzegorznieradka.pl\/wp-content\/uploads\/2017\/04\/40.jpg\"><img decoding=\"async\" loading=\"lazy\" class=\"alignnone size-full wp-image-2230\" src=\"http:\/\/grzegorznieradka.pl\/wp-content\/uploads\/2017\/04\/40.jpg\" alt=\"40\" width=\"1200\" height=\"797\" srcset=\"http:\/\/grzegorznieradka.pl\/wp-content\/uploads\/2017\/04\/40.jpg 1200w, http:\/\/grzegorznieradka.pl\/wp-content\/uploads\/2017\/04\/40-300x199.jpg 300w, http:\/\/grzegorznieradka.pl\/wp-content\/uploads\/2017\/04\/40-768x510.jpg 768w, http:\/\/grzegorznieradka.pl\/wp-content\/uploads\/2017\/04\/40-1024x680.jpg 1024w\" sizes=\"(max-width: 1200px) 100vw, 1200px\" \/><\/a><\/p>\n<p style=\"text-align: justify;\"><a href=\"http:\/\/grzegorznieradka.pl\/wp-content\/uploads\/2017\/04\/46.jpg\"><img decoding=\"async\" loading=\"lazy\" class=\"alignnone size-full wp-image-2231\" src=\"http:\/\/grzegorznieradka.pl\/wp-content\/uploads\/2017\/04\/46.jpg\" alt=\"46\" width=\"1200\" height=\"797\" srcset=\"http:\/\/grzegorznieradka.pl\/wp-content\/uploads\/2017\/04\/46.jpg 1200w, http:\/\/grzegorznieradka.pl\/wp-content\/uploads\/2017\/04\/46-300x199.jpg 300w, http:\/\/grzegorznieradka.pl\/wp-content\/uploads\/2017\/04\/46-768x510.jpg 768w, http:\/\/grzegorznieradka.pl\/wp-content\/uploads\/2017\/04\/46-1024x680.jpg 1024w\" sizes=\"(max-width: 1200px) 100vw, 1200px\" \/><\/a><\/p>\n<p style=\"text-align: justify;\"><a href=\"http:\/\/grzegorznieradka.pl\/wp-content\/uploads\/2017\/04\/48.jpg\"><img decoding=\"async\" loading=\"lazy\" class=\"alignnone size-full wp-image-2232\" src=\"http:\/\/grzegorznieradka.pl\/wp-content\/uploads\/2017\/04\/48.jpg\" alt=\"48\" width=\"1200\" height=\"797\" srcset=\"http:\/\/grzegorznieradka.pl\/wp-content\/uploads\/2017\/04\/48.jpg 1200w, http:\/\/grzegorznieradka.pl\/wp-content\/uploads\/2017\/04\/48-300x199.jpg 300w, http:\/\/grzegorznieradka.pl\/wp-content\/uploads\/2017\/04\/48-768x510.jpg 768w, http:\/\/grzegorznieradka.pl\/wp-content\/uploads\/2017\/04\/48-1024x680.jpg 1024w\" sizes=\"(max-width: 1200px) 100vw, 1200px\" \/><\/a><\/p>\n<p style=\"text-align: justify;\">Po tym radosnym akcencie prowadz\u0105cy podzi\u0119kowali Komisji Konkursowej za wielogodzinn\u0105 prac\u0119 jednocze\u015bnie informuj\u0105c, \u017ce od maja wszystkie prace konkursowe b\u0119dzie mo\u017cna obejrze\u0107 na wystawie zorganizowanej w Galerii Pasa\u017c w Iwoniczu-Zdroju.<\/p>\n<p style=\"text-align: justify;\"><a href=\"http:\/\/grzegorznieradka.pl\/wp-content\/uploads\/2017\/04\/49.jpg\"><img decoding=\"async\" loading=\"lazy\" class=\"alignnone size-full wp-image-2233\" src=\"http:\/\/grzegorznieradka.pl\/wp-content\/uploads\/2017\/04\/49.jpg\" alt=\"49\" width=\"1200\" height=\"797\" srcset=\"http:\/\/grzegorznieradka.pl\/wp-content\/uploads\/2017\/04\/49.jpg 1200w, http:\/\/grzegorznieradka.pl\/wp-content\/uploads\/2017\/04\/49-300x199.jpg 300w, http:\/\/grzegorznieradka.pl\/wp-content\/uploads\/2017\/04\/49-768x510.jpg 768w, http:\/\/grzegorznieradka.pl\/wp-content\/uploads\/2017\/04\/49-1024x680.jpg 1024w\" sizes=\"(max-width: 1200px) 100vw, 1200px\" \/><\/a><\/p>\n<p style=\"text-align: justify;\"><a href=\"http:\/\/grzegorznieradka.pl\/wp-content\/uploads\/2017\/04\/50.jpg\"><img decoding=\"async\" loading=\"lazy\" class=\"alignnone size-full wp-image-2234\" src=\"http:\/\/grzegorznieradka.pl\/wp-content\/uploads\/2017\/04\/50.jpg\" alt=\"50\" width=\"1200\" height=\"797\" srcset=\"http:\/\/grzegorznieradka.pl\/wp-content\/uploads\/2017\/04\/50.jpg 1200w, http:\/\/grzegorznieradka.pl\/wp-content\/uploads\/2017\/04\/50-300x199.jpg 300w, http:\/\/grzegorznieradka.pl\/wp-content\/uploads\/2017\/04\/50-768x510.jpg 768w, http:\/\/grzegorznieradka.pl\/wp-content\/uploads\/2017\/04\/50-1024x680.jpg 1024w\" sizes=\"(max-width: 1200px) 100vw, 1200px\" \/><\/a><\/p>\n<p style=\"text-align: justify;\"><a href=\"http:\/\/grzegorznieradka.pl\/wp-content\/uploads\/2017\/04\/52.jpg\"><img decoding=\"async\" loading=\"lazy\" class=\"alignnone size-full wp-image-2235\" src=\"http:\/\/grzegorznieradka.pl\/wp-content\/uploads\/2017\/04\/52.jpg\" alt=\"52\" width=\"1200\" height=\"797\" srcset=\"http:\/\/grzegorznieradka.pl\/wp-content\/uploads\/2017\/04\/52.jpg 1200w, http:\/\/grzegorznieradka.pl\/wp-content\/uploads\/2017\/04\/52-300x199.jpg 300w, http:\/\/grzegorznieradka.pl\/wp-content\/uploads\/2017\/04\/52-768x510.jpg 768w, http:\/\/grzegorznieradka.pl\/wp-content\/uploads\/2017\/04\/52-1024x680.jpg 1024w\" sizes=\"(max-width: 1200px) 100vw, 1200px\" \/><\/a><\/p>\n<p style=\"text-align: justify;\">Przekazano r\u00f3wnie\u017c podzi\u0119kowania Dyrektor Gminnego O\u015brodka Kultury Pani Dorocie Soko\u0142owskiej-\u015awistak za udost\u0119pnienie pi\u0119knej sali na uroczysto\u015b\u0107 oraz pracownikom Gminnego O\u015brodka Kultury: Pani Ewie Dobrowolskiej, Panu Krzysztofowi Kenarowi oraz Panu Andrzejowi Boczarowi za okazan\u0105 pomoc we wsp\u00f3\u0142organizacji wydarzenia. Na koniec prowadz\u0105cy spotkanie podzi\u0119kowali tym wszystkim, kt\u00f3rzy poprzez swoj\u0105 obecno\u015b\u0107 przyczynili si\u0119 do godnego uczczenia Ojca \u015awi\u0119tego Jana Paw\u0142a II, Pana Prezydenta Lecha Kaczy\u0144skiego i wszystkich Ofiar Tragedii Smole\u0144skiej. Nast\u0119pnie zaproszono do obejrzenia filmu \u201ePogarda\u201d w re\u017cyserii Marii D\u0142u\u017cewskiej i Joanny Lichockiej, kt\u00f3rego projekcja by\u0142a mo\u017cliwa dzi\u0119ki uprzejmo\u015bci Pana Tomasza Sakiewicza &#8211; Redaktora Naczelnego Tygodnika Gazeta Polska.<\/p>\n","protected":false},"excerpt":{"rendered":"<p>Og\u0142oszenie w dniu 10 lutego 2017 roku II edycji Konkursu \u201eWarto by\u0107 Polakiem\u201d po\u015bwi\u0119conego pami\u0119ci Prezydenta Rzeczypospolitej Polskiej Lecha Kaczy\u0144skiego, &#8230;<\/p>\n","protected":false},"author":2,"featured_media":2202,"comment_status":"closed","ping_status":"open","sticky":false,"template":"","format":"standard","meta":[],"categories":[73,72,71,74],"tags":[39,348,343],"_links":{"self":[{"href":"http:\/\/grzegorznieradka.pl\/index.php\/wp-json\/wp\/v2\/posts\/2200"}],"collection":[{"href":"http:\/\/grzegorznieradka.pl\/index.php\/wp-json\/wp\/v2\/posts"}],"about":[{"href":"http:\/\/grzegorznieradka.pl\/index.php\/wp-json\/wp\/v2\/types\/post"}],"author":[{"embeddable":true,"href":"http:\/\/grzegorznieradka.pl\/index.php\/wp-json\/wp\/v2\/users\/2"}],"replies":[{"embeddable":true,"href":"http:\/\/grzegorznieradka.pl\/index.php\/wp-json\/wp\/v2\/comments?post=2200"}],"version-history":[{"count":4,"href":"http:\/\/grzegorznieradka.pl\/index.php\/wp-json\/wp\/v2\/posts\/2200\/revisions"}],"predecessor-version":[{"id":2236,"href":"http:\/\/grzegorznieradka.pl\/index.php\/wp-json\/wp\/v2\/posts\/2200\/revisions\/2236"}],"wp:featuredmedia":[{"embeddable":true,"href":"http:\/\/grzegorznieradka.pl\/index.php\/wp-json\/wp\/v2\/media\/2202"}],"wp:attachment":[{"href":"http:\/\/grzegorznieradka.pl\/index.php\/wp-json\/wp\/v2\/media?parent=2200"}],"wp:term":[{"taxonomy":"category","embeddable":true,"href":"http:\/\/grzegorznieradka.pl\/index.php\/wp-json\/wp\/v2\/categories?post=2200"},{"taxonomy":"post_tag","embeddable":true,"href":"http:\/\/grzegorznieradka.pl\/index.php\/wp-json\/wp\/v2\/tags?post=2200"}],"curies":[{"name":"wp","href":"https:\/\/api.w.org\/{rel}","templated":true}]}}