{"id":2260,"date":"2017-07-08T00:53:44","date_gmt":"2017-07-07T22:53:44","guid":{"rendered":"http:\/\/grzegorznieradka.pl\/?p=2260"},"modified":"2017-07-08T00:53:44","modified_gmt":"2017-07-07T22:53:44","slug":"kongres-prawa-i-sprawiedliwosci-w-przysusze","status":"publish","type":"post","link":"http:\/\/grzegorznieradka.pl\/index.php\/2017\/07\/08\/kongres-prawa-i-sprawiedliwosci-w-przysusze\/","title":{"rendered":"Kongres Prawa i Sprawiedliwo\u015bci w Przysusze"},"content":{"rendered":"<p style=\"text-align: justify;\"><em>Na zdj\u0119ciu Grzegorz Nieradka z Wicepremierem Mateuszem Morawieckim\u00a0<\/em><\/p>\n<p style=\"text-align: justify;\"><strong>W sobot\u0119, 1 lipca 2017 roku w powiatowym mie\u015bcie Przysucha odby\u0142o si\u0119 II posiedzenie V Kongresu Prawa i Sprawiedliwo\u015bci.\u00a0<\/strong><\/p>\n<p style=\"text-align: justify;\">Kongres Prawa i Sprawiedliwo\u015bci na wniosek Prezesa Jaros\u0142awa Kaczy\u0144skiego zosta\u0142 przekszta\u0142cony na Konwencj\u0119 Zjednoczonej Prawicy. Jako pierwszy przem\u00f3wienie wyg\u0142osi\u0142 Premier Jaros\u0142aw Kaczy\u0144ski. Zaraz po nim wyst\u0105pi\u0142 Wicepremier, Minister Rozwoju i Finans\u00f3w Mateusz Morawiecki, a nast\u0119pnie Wicepremier Jaros\u0142aw Gowin i Minister Sprawiedliwo\u015bci i Prokurator Generalny Zbigniew Ziobro. W Konwencji udzia\u0142 wzi\u0119\u0142o blisko tysi\u0105c delegat\u00f3w i zaproszonych go\u015bci oraz przedstawiciele medi\u00f3w.<\/p>\n","protected":false},"excerpt":{"rendered":"<p>Na zdj\u0119ciu Grzegorz Nieradka z Wicepremierem Mateuszem Morawieckim\u00a0 W sobot\u0119, 1 lipca 2017 roku w powiatowym mie\u015bcie Przysucha odby\u0142o si\u0119 &#8230;<\/p>\n","protected":false},"author":2,"featured_media":2261,"comment_status":"closed","ping_status":"open","sticky":false,"template":"","format":"standard","meta":[],"categories":[72,71],"tags":[39,354],"_links":{"self":[{"href":"http:\/\/grzegorznieradka.pl\/index.php\/wp-json\/wp\/v2\/posts\/2260"}],"collection":[{"href":"http:\/\/grzegorznieradka.pl\/index.php\/wp-json\/wp\/v2\/posts"}],"about":[{"href":"http:\/\/grzegorznieradka.pl\/index.php\/wp-json\/wp\/v2\/types\/post"}],"author":[{"embeddable":true,"href":"http:\/\/grzegorznieradka.pl\/index.php\/wp-json\/wp\/v2\/users\/2"}],"replies":[{"embeddable":true,"href":"http:\/\/grzegorznieradka.pl\/index.php\/wp-json\/wp\/v2\/comments?post=2260"}],"version-history":[{"count":1,"href":"http:\/\/grzegorznieradka.pl\/index.php\/wp-json\/wp\/v2\/posts\/2260\/revisions"}],"predecessor-version":[{"id":2262,"href":"http:\/\/grzegorznieradka.pl\/index.php\/wp-json\/wp\/v2\/posts\/2260\/revisions\/2262"}],"wp:featuredmedia":[{"embeddable":true,"href":"http:\/\/grzegorznieradka.pl\/index.php\/wp-json\/wp\/v2\/media\/2261"}],"wp:attachment":[{"href":"http:\/\/grzegorznieradka.pl\/index.php\/wp-json\/wp\/v2\/media?parent=2260"}],"wp:term":[{"taxonomy":"category","embeddable":true,"href":"http:\/\/grzegorznieradka.pl\/index.php\/wp-json\/wp\/v2\/categories?post=2260"},{"taxonomy":"post_tag","embeddable":true,"href":"http:\/\/grzegorznieradka.pl\/index.php\/wp-json\/wp\/v2\/tags?post=2260"}],"curies":[{"name":"wp","href":"https:\/\/api.w.org\/{rel}","templated":true}]}}