{"id":2283,"date":"2017-09-30T14:04:39","date_gmt":"2017-09-30T12:04:39","guid":{"rendered":"http:\/\/grzegorznieradka.pl\/?p=2283"},"modified":"2017-09-30T14:04:39","modified_gmt":"2017-09-30T12:04:39","slug":"uroczystosci-97-rocznicy-cudu-nad-wisla-w-krosnie","status":"publish","type":"post","link":"http:\/\/grzegorznieradka.pl\/index.php\/2017\/09\/30\/uroczystosci-97-rocznicy-cudu-nad-wisla-w-krosnie\/","title":{"rendered":"Uroczysto\u015bci 97. rocznicy Cudu nad Wis\u0142\u0105 w Kro\u015bnie"},"content":{"rendered":"<p style=\"text-align: justify;\">Uroczysto\u015b\u0107 Wniebowzi\u0119cia NMP i \u015awi\u0119to Wojska Polskiego w 97. rocznic\u0119 Cudu nad Wis\u0142\u0105 jak co roku uczczone zosta\u0142o\u00a0na rynku w Kro\u015bnie. Po Mszy \u015awi\u0119tej z udzia\u0142em \u017co\u0142nierzy 5. Batalionu Strzelc\u00f3w Podhala\u0144skich im. gen. bryg. Andrzeja Galicy delegacje z\u0142o\u017cy\u0142y kwiaty pod Pomnikiem Marsza\u0142ka J\u00f3zefa Pi\u0142sudskiego. Na czele delegacji Forum M\u0142odych Prawa i Sprawiedliwo\u015bci powiatu kro\u015bnie\u0144skiego stan\u0105\u0142 Grzegorz Nieradka &#8211; cz\u0142onek Prezydium Zarz\u0105du Prawa i Sprawiedliwo\u015bci w Okr\u0119gu nr 22. W uroczysto\u015bciach uczestniczyli parlamentarzy\u015bci, samorz\u0105dowcy, kombatanci oraz licznie zebrani mieszka\u0144cy Krosna i powiatu kro\u015bnie\u0144skiego.<\/p>\n<p style=\"text-align: justify;\"><a href=\"http:\/\/grzegorznieradka.pl\/wp-content\/uploads\/2017\/09\/30.jpg\"><img decoding=\"async\" loading=\"lazy\" class=\"alignnone size-full wp-image-2286\" src=\"http:\/\/grzegorznieradka.pl\/wp-content\/uploads\/2017\/09\/30.jpg\" alt=\"30\" width=\"746\" height=\"497\" srcset=\"http:\/\/grzegorznieradka.pl\/wp-content\/uploads\/2017\/09\/30.jpg 746w, http:\/\/grzegorznieradka.pl\/wp-content\/uploads\/2017\/09\/30-300x200.jpg 300w\" sizes=\"(max-width: 746px) 100vw, 746px\" \/><\/a><\/p>\n<p style=\"text-align: justify;\"><a href=\"http:\/\/grzegorznieradka.pl\/wp-content\/uploads\/2017\/09\/33.jpg\"><img decoding=\"async\" loading=\"lazy\" class=\"alignnone size-full wp-image-2287\" src=\"http:\/\/grzegorznieradka.pl\/wp-content\/uploads\/2017\/09\/33.jpg\" alt=\"33\" width=\"749\" height=\"497\" srcset=\"http:\/\/grzegorznieradka.pl\/wp-content\/uploads\/2017\/09\/33.jpg 749w, http:\/\/grzegorznieradka.pl\/wp-content\/uploads\/2017\/09\/33-300x199.jpg 300w\" sizes=\"(max-width: 749px) 100vw, 749px\" \/><\/a><\/p>\n<p style=\"text-align: justify;\"><a href=\"http:\/\/grzegorznieradka.pl\/wp-content\/uploads\/2017\/09\/12.jpg\"><img decoding=\"async\" loading=\"lazy\" class=\"alignnone size-full wp-image-2288\" src=\"http:\/\/grzegorznieradka.pl\/wp-content\/uploads\/2017\/09\/12.jpg\" alt=\"12\" width=\"4032\" height=\"3024\" srcset=\"http:\/\/grzegorznieradka.pl\/wp-content\/uploads\/2017\/09\/12.jpg 4032w, http:\/\/grzegorznieradka.pl\/wp-content\/uploads\/2017\/09\/12-300x225.jpg 300w, http:\/\/grzegorznieradka.pl\/wp-content\/uploads\/2017\/09\/12-768x576.jpg 768w, http:\/\/grzegorznieradka.pl\/wp-content\/uploads\/2017\/09\/12-1024x768.jpg 1024w\" sizes=\"(max-width: 4032px) 100vw, 4032px\" \/><\/a><\/p>\n<p style=\"text-align: justify;\">Fot. www.terazkrosno.pl<\/p>\n<p style=\"text-align: justify;\">\n","protected":false},"excerpt":{"rendered":"<p>Uroczysto\u015b\u0107 Wniebowzi\u0119cia NMP i \u015awi\u0119to Wojska Polskiego w 97. rocznic\u0119 Cudu nad Wis\u0142\u0105 jak co roku uczczone zosta\u0142o\u00a0na rynku w &#8230;<\/p>\n","protected":false},"author":2,"featured_media":2284,"comment_status":"closed","ping_status":"open","sticky":false,"template":"","format":"standard","meta":[],"categories":[72,71],"tags":[312,39,359],"_links":{"self":[{"href":"http:\/\/grzegorznieradka.pl\/index.php\/wp-json\/wp\/v2\/posts\/2283"}],"collection":[{"href":"http:\/\/grzegorznieradka.pl\/index.php\/wp-json\/wp\/v2\/posts"}],"about":[{"href":"http:\/\/grzegorznieradka.pl\/index.php\/wp-json\/wp\/v2\/types\/post"}],"author":[{"embeddable":true,"href":"http:\/\/grzegorznieradka.pl\/index.php\/wp-json\/wp\/v2\/users\/2"}],"replies":[{"embeddable":true,"href":"http:\/\/grzegorznieradka.pl\/index.php\/wp-json\/wp\/v2\/comments?post=2283"}],"version-history":[{"count":1,"href":"http:\/\/grzegorznieradka.pl\/index.php\/wp-json\/wp\/v2\/posts\/2283\/revisions"}],"predecessor-version":[{"id":2289,"href":"http:\/\/grzegorznieradka.pl\/index.php\/wp-json\/wp\/v2\/posts\/2283\/revisions\/2289"}],"wp:featuredmedia":[{"embeddable":true,"href":"http:\/\/grzegorznieradka.pl\/index.php\/wp-json\/wp\/v2\/media\/2284"}],"wp:attachment":[{"href":"http:\/\/grzegorznieradka.pl\/index.php\/wp-json\/wp\/v2\/media?parent=2283"}],"wp:term":[{"taxonomy":"category","embeddable":true,"href":"http:\/\/grzegorznieradka.pl\/index.php\/wp-json\/wp\/v2\/categories?post=2283"},{"taxonomy":"post_tag","embeddable":true,"href":"http:\/\/grzegorznieradka.pl\/index.php\/wp-json\/wp\/v2\/tags?post=2283"}],"curies":[{"name":"wp","href":"https:\/\/api.w.org\/{rel}","templated":true}]}}