{"id":2338,"date":"2017-12-20T17:09:56","date_gmt":"2017-12-20T16:09:56","guid":{"rendered":"http:\/\/grzegorznieradka.pl\/?p=2338"},"modified":"2018-03-24T17:51:56","modified_gmt":"2018-03-24T16:51:56","slug":"radni-w-obronie-czasopisma-samorzadowego-echo-gminy-iwonicz-zdroj","status":"publish","type":"post","link":"http:\/\/grzegorznieradka.pl\/index.php\/2017\/12\/20\/radni-w-obronie-czasopisma-samorzadowego-echo-gminy-iwonicz-zdroj\/","title":{"rendered":"Radni w obronie czasopisma samorz\u0105dowego Echo Gminy Iwonicz-Zdr\u00f3j"},"content":{"rendered":"<p style=\"text-align: justify;\">Dnia\u00a011 grudnia 2017 r. odby\u0142a si\u0119 XLII Sesja Rady Miejskiej, podczas kt\u00f3rej poruszono kilka istot<span class=\"text_exposed_show\">nych spraw dotycz\u0105cych mieszka\u0144c\u00f3w\u00a0Gminy Iwonicz-Zdr\u00f3j.\u00a0<\/span>Pierwsze dwa projekty uchwa\u0142 dotyczy\u0142y zmiany Miejscowego Planu Zagospodarowania Przestrzennego dla Iwonicza i Iwonicza-Zdroju. Uchwa\u0142y zosta\u0142y podj\u0119te cho\u0107 cz\u0119\u015b\u0107 radnych, g\u0142\u00f3wnie PiS, przy procedowaniu poszczeg\u00f3lnych wniosk\u00f3w mieszka\u0144c\u00f3w wstrzymywa\u0142a si\u0119 od g\u0142osu, gdy\u017c projekt zak\u0142ada\u0142 ich odrzucenie.<\/p>\n<div class=\"text_exposed_show\">\n<p style=\"text-align: justify;\">Wa\u017cnym punktem obrad by\u0142a sprawa czasopisma Echo Gminy Iwonicz-Zdr\u00f3j. Burmistrz przygotowa\u0142 projekt uchwa\u0142y o jego uchyleniu i ca\u0142kowitym wykre\u015bleniu z rejestru. Podczas dyskusji radny Grzegorz Nieradka (cz\u0142onek redakcji) przedstawi\u0142 licz\u0105c\u0105 10 lat histori\u0119 Echa i podkre\u015bli\u0142 znaczenie gazetki jako cennego zapisu kronikarskiego najwa\u017cniejszych wydarze\u0144 Gminy Iwonicz-Zdr\u00f3j. Podkre\u015bli\u0142 i\u017c nie wyobra\u017ca sobie, aby g\u0142osami radnych pismo mia\u0142o zosta\u0107 zlikwidowane. Podobne stanowisko zaj\u0119li r\u00f3wnie\u017c przewodnicz\u0105cy Rady Miejskiej J\u00f3zef Sowi\u0144ski oraz radni Marcin Zaj\u0105c i Marek Bli\u017cycki (tak\u017ce cz\u0142onkowie zespo\u0142u redaguj\u0105cego czasopismo). Ostatecznie w wyniku g\u0142osowania czasopismo zosta\u0142o podtrzymane, gdy\u017c projekt burmistrza zosta\u0142 odrzucony.<\/p>\n<\/div>\n","protected":false},"excerpt":{"rendered":"<p>Dnia\u00a011 grudnia 2017 r. odby\u0142a si\u0119 XLII Sesja Rady Miejskiej, podczas kt\u00f3rej poruszono kilka istotnych spraw dotycz\u0105cych mieszka\u0144c\u00f3w\u00a0Gminy Iwonicz-Zdr\u00f3j.\u00a0Pierwsze dwa &#8230;<\/p>\n","protected":false},"author":2,"featured_media":2339,"comment_status":"closed","ping_status":"open","sticky":false,"template":"","format":"standard","meta":[],"categories":[73,74],"tags":[370,39,369],"_links":{"self":[{"href":"http:\/\/grzegorznieradka.pl\/index.php\/wp-json\/wp\/v2\/posts\/2338"}],"collection":[{"href":"http:\/\/grzegorznieradka.pl\/index.php\/wp-json\/wp\/v2\/posts"}],"about":[{"href":"http:\/\/grzegorznieradka.pl\/index.php\/wp-json\/wp\/v2\/types\/post"}],"author":[{"embeddable":true,"href":"http:\/\/grzegorznieradka.pl\/index.php\/wp-json\/wp\/v2\/users\/2"}],"replies":[{"embeddable":true,"href":"http:\/\/grzegorznieradka.pl\/index.php\/wp-json\/wp\/v2\/comments?post=2338"}],"version-history":[{"count":1,"href":"http:\/\/grzegorznieradka.pl\/index.php\/wp-json\/wp\/v2\/posts\/2338\/revisions"}],"predecessor-version":[{"id":2340,"href":"http:\/\/grzegorznieradka.pl\/index.php\/wp-json\/wp\/v2\/posts\/2338\/revisions\/2340"}],"wp:featuredmedia":[{"embeddable":true,"href":"http:\/\/grzegorznieradka.pl\/index.php\/wp-json\/wp\/v2\/media\/2339"}],"wp:attachment":[{"href":"http:\/\/grzegorznieradka.pl\/index.php\/wp-json\/wp\/v2\/media?parent=2338"}],"wp:term":[{"taxonomy":"category","embeddable":true,"href":"http:\/\/grzegorznieradka.pl\/index.php\/wp-json\/wp\/v2\/categories?post=2338"},{"taxonomy":"post_tag","embeddable":true,"href":"http:\/\/grzegorznieradka.pl\/index.php\/wp-json\/wp\/v2\/tags?post=2338"}],"curies":[{"name":"wp","href":"https:\/\/api.w.org\/{rel}","templated":true}]}}