{"id":2452,"date":"2018-09-17T21:38:32","date_gmt":"2018-09-17T19:38:32","guid":{"rendered":"http:\/\/grzegorznieradka.pl\/?p=2452"},"modified":"2018-09-17T21:38:32","modified_gmt":"2018-09-17T19:38:32","slug":"strachocina-obchody-100-rocznicy-odzyskania-przez-polske-niepodleglosci","status":"publish","type":"post","link":"http:\/\/grzegorznieradka.pl\/index.php\/2018\/09\/17\/strachocina-obchody-100-rocznicy-odzyskania-przez-polske-niepodleglosci\/","title":{"rendered":"Strachocina. Obchody 100. rocznicy odzyskania przez Polsk\u0119 niepodleg\u0142o\u015bci"},"content":{"rendered":"<p style=\"text-align: justify;\">W sobot\u0119, 15 wrze\u015bnia 2018 roku w podkarpackiej Strachocinie, miejscu urodzenia \u015awi\u0119tego Andrzeja Boboli, Patrona Polski, odby\u0142a si\u0119 podnios\u0142a uroczysto\u015b\u0107 zwie\u0144czona ods\u0142oni\u0119ciem pomnika 100-lecia odzyskania przez Polsk\u0119 niepodleg\u0142o\u015bci.<\/p>\n<p style=\"text-align: justify;\">Uroczysto\u015bci rozpocz\u0119\u0142y si\u0119 koncertem Zespo\u0142u Soul z Sanoka, nast\u0119pnie sprawowana by\u0142a Msza \u015awi\u0119ta pod przewodnictwem ks. abpa Andrzeja Dzi\u0119gi metropolity szczeci\u0144sko-kamie\u0144skiego. Po uroczystej Eucharystii nast\u0105pi\u0142o po\u015bwi\u0119cenie pomnika, a aktu ods\u0142oni\u0119cia dokonali Marsza\u0142ek Sejmu RP Marek Kuchci\u0144ski i Premier Beata Szyd\u0142o. W uroczysto\u015bciach wzi\u0119\u0142o udzia\u0142 kilkudziesi\u0119ciu parlamentarzyst\u00f3w, poniewa\u017c w Strachocinie odby\u0142o si\u0119 wyjazdowe posiedzenie Klubu Parlamentarnego Prawa i Sprawiedliwo\u015bci pod przewodnictwem Marsza\u0142ka Ryszarda Terleckiego.<\/p>\n<p style=\"text-align: justify;\"><a href=\"http:\/\/grzegorznieradka.pl\/wp-content\/uploads\/2018\/09\/2.jpg\"><img decoding=\"async\" loading=\"lazy\" class=\"alignnone size-full wp-image-2454\" src=\"http:\/\/grzegorznieradka.pl\/wp-content\/uploads\/2018\/09\/2.jpg\" alt=\"2\" width=\"1191\" height=\"905\" srcset=\"http:\/\/grzegorznieradka.pl\/wp-content\/uploads\/2018\/09\/2.jpg 1191w, http:\/\/grzegorznieradka.pl\/wp-content\/uploads\/2018\/09\/2-300x228.jpg 300w, http:\/\/grzegorznieradka.pl\/wp-content\/uploads\/2018\/09\/2-768x584.jpg 768w, http:\/\/grzegorznieradka.pl\/wp-content\/uploads\/2018\/09\/2-1024x778.jpg 1024w\" sizes=\"(max-width: 1191px) 100vw, 1191px\" \/><\/a><\/p>\n<p style=\"text-align: justify;\"><a href=\"http:\/\/grzegorznieradka.pl\/wp-content\/uploads\/2018\/09\/3.jpg\"><img decoding=\"async\" loading=\"lazy\" class=\"alignnone size-full wp-image-2455\" src=\"http:\/\/grzegorznieradka.pl\/wp-content\/uploads\/2018\/09\/3.jpg\" alt=\"3\" width=\"1500\" height=\"997\" srcset=\"http:\/\/grzegorznieradka.pl\/wp-content\/uploads\/2018\/09\/3.jpg 1500w, http:\/\/grzegorznieradka.pl\/wp-content\/uploads\/2018\/09\/3-300x199.jpg 300w, http:\/\/grzegorznieradka.pl\/wp-content\/uploads\/2018\/09\/3-768x510.jpg 768w, http:\/\/grzegorznieradka.pl\/wp-content\/uploads\/2018\/09\/3-1024x681.jpg 1024w\" sizes=\"(max-width: 1500px) 100vw, 1500px\" \/><\/a><\/p>\n<p style=\"text-align: justify;\"><a href=\"http:\/\/grzegorznieradka.pl\/wp-content\/uploads\/2018\/09\/4.jpg\"><img decoding=\"async\" loading=\"lazy\" class=\"alignnone size-full wp-image-2456\" src=\"http:\/\/grzegorznieradka.pl\/wp-content\/uploads\/2018\/09\/4.jpg\" alt=\"4\" width=\"4000\" height=\"6016\" srcset=\"http:\/\/grzegorznieradka.pl\/wp-content\/uploads\/2018\/09\/4.jpg 4000w, http:\/\/grzegorznieradka.pl\/wp-content\/uploads\/2018\/09\/4-199x300.jpg 199w, http:\/\/grzegorznieradka.pl\/wp-content\/uploads\/2018\/09\/4-768x1155.jpg 768w, http:\/\/grzegorznieradka.pl\/wp-content\/uploads\/2018\/09\/4-681x1024.jpg 681w\" sizes=\"(max-width: 4000px) 100vw, 4000px\" \/><\/a><\/p>\n<p style=\"text-align: justify;\"><a href=\"http:\/\/grzegorznieradka.pl\/wp-content\/uploads\/2018\/09\/8.jpg\"><img decoding=\"async\" loading=\"lazy\" class=\"alignnone size-full wp-image-2457\" src=\"http:\/\/grzegorznieradka.pl\/wp-content\/uploads\/2018\/09\/8.jpg\" alt=\"8\" width=\"6016\" height=\"4000\" srcset=\"http:\/\/grzegorznieradka.pl\/wp-content\/uploads\/2018\/09\/8.jpg 6016w, http:\/\/grzegorznieradka.pl\/wp-content\/uploads\/2018\/09\/8-300x199.jpg 300w, http:\/\/grzegorznieradka.pl\/wp-content\/uploads\/2018\/09\/8-768x511.jpg 768w, http:\/\/grzegorznieradka.pl\/wp-content\/uploads\/2018\/09\/8-1024x681.jpg 1024w\" sizes=\"(max-width: 6016px) 100vw, 6016px\" \/><\/a><\/p>\n<p style=\"text-align: justify;\"><a href=\"http:\/\/grzegorznieradka.pl\/wp-content\/uploads\/2018\/09\/12.jpg\"><img decoding=\"async\" loading=\"lazy\" class=\"alignnone size-full wp-image-2458\" src=\"http:\/\/grzegorznieradka.pl\/wp-content\/uploads\/2018\/09\/12.jpg\" alt=\"12\" width=\"1500\" height=\"997\" srcset=\"http:\/\/grzegorznieradka.pl\/wp-content\/uploads\/2018\/09\/12.jpg 1500w, http:\/\/grzegorznieradka.pl\/wp-content\/uploads\/2018\/09\/12-300x199.jpg 300w, http:\/\/grzegorznieradka.pl\/wp-content\/uploads\/2018\/09\/12-768x510.jpg 768w, http:\/\/grzegorznieradka.pl\/wp-content\/uploads\/2018\/09\/12-1024x681.jpg 1024w\" sizes=\"(max-width: 1500px) 100vw, 1500px\" \/><\/a><\/p>\n","protected":false},"excerpt":{"rendered":"<p>W sobot\u0119, 15 wrze\u015bnia 2018 roku w podkarpackiej Strachocinie, miejscu urodzenia \u015awi\u0119tego Andrzeja Boboli, Patrona Polski, odby\u0142a si\u0119 podnios\u0142a uroczysto\u015b\u0107 &#8230;<\/p>\n","protected":false},"author":2,"featured_media":2453,"comment_status":"closed","ping_status":"open","sticky":false,"template":"","format":"standard","meta":[],"categories":[72,71,74],"tags":[39,221,396,395],"_links":{"self":[{"href":"http:\/\/grzegorznieradka.pl\/index.php\/wp-json\/wp\/v2\/posts\/2452"}],"collection":[{"href":"http:\/\/grzegorznieradka.pl\/index.php\/wp-json\/wp\/v2\/posts"}],"about":[{"href":"http:\/\/grzegorznieradka.pl\/index.php\/wp-json\/wp\/v2\/types\/post"}],"author":[{"embeddable":true,"href":"http:\/\/grzegorznieradka.pl\/index.php\/wp-json\/wp\/v2\/users\/2"}],"replies":[{"embeddable":true,"href":"http:\/\/grzegorznieradka.pl\/index.php\/wp-json\/wp\/v2\/comments?post=2452"}],"version-history":[{"count":1,"href":"http:\/\/grzegorznieradka.pl\/index.php\/wp-json\/wp\/v2\/posts\/2452\/revisions"}],"predecessor-version":[{"id":2459,"href":"http:\/\/grzegorznieradka.pl\/index.php\/wp-json\/wp\/v2\/posts\/2452\/revisions\/2459"}],"wp:featuredmedia":[{"embeddable":true,"href":"http:\/\/grzegorznieradka.pl\/index.php\/wp-json\/wp\/v2\/media\/2453"}],"wp:attachment":[{"href":"http:\/\/grzegorznieradka.pl\/index.php\/wp-json\/wp\/v2\/media?parent=2452"}],"wp:term":[{"taxonomy":"category","embeddable":true,"href":"http:\/\/grzegorznieradka.pl\/index.php\/wp-json\/wp\/v2\/categories?post=2452"},{"taxonomy":"post_tag","embeddable":true,"href":"http:\/\/grzegorznieradka.pl\/index.php\/wp-json\/wp\/v2\/tags?post=2452"}],"curies":[{"name":"wp","href":"https:\/\/api.w.org\/{rel}","templated":true}]}}