{"id":2916,"date":"2021-03-04T12:26:00","date_gmt":"2021-03-04T11:26:00","guid":{"rendered":"http:\/\/grzegorznieradka.pl\/?p=2916"},"modified":"2021-07-13T12:28:25","modified_gmt":"2021-07-13T10:28:25","slug":"obrotowa-kamera-na-zabiej-gorze","status":"publish","type":"post","link":"http:\/\/grzegorznieradka.pl\/index.php\/2021\/03\/04\/obrotowa-kamera-na-zabiej-gorze\/","title":{"rendered":"Obrotowa kamera na \u017babiej G\u00f3rze"},"content":{"rendered":"\n<p>Teraz pi\u0119kno krajobraz\u00f3w Iwonicza-Zdroju zobaczy\u0107 mo\u017cna r\u00f3wnie\u017c dzi\u0119ki obrotowej kamerze on-line <img decoding=\"async\" loading=\"lazy\" width=\"16\" height=\"16\" alt=\"?\" src=\"https:\/\/static.xx.fbcdn.net\/images\/emoji.php\/v9\/t9e\/2\/16\/1f3a5.png\"> zainstalowanej w wyj\u0105tkowym miejscu &#8211; na szczycie \u017babiej G\u00f3ry! (549 m n.p.m.) <img decoding=\"async\" loading=\"lazy\" width=\"16\" height=\"16\" alt=\"\u26f0\" src=\"https:\/\/static.xx.fbcdn.net\/images\/emoji.php\/v9\/t78\/2\/16\/26f0.png\"> Zach\u0119camy jednak do osobistych odwiedzin tego miejsca. Panorama wynagrodzi trud w\u0119dr\u00f3wki <img decoding=\"async\" loading=\"lazy\" width=\"16\" height=\"16\" alt=\"?\" src=\"https:\/\/static.xx.fbcdn.net\/images\/emoji.php\/v9\/td7\/2\/16\/1f46b.png\"><img decoding=\"async\" loading=\"lazy\" width=\"16\" height=\"16\" alt=\"?\" src=\"https:\/\/static.xx.fbcdn.net\/images\/emoji.php\/v9\/t90\/2\/16\/1f933.png\"><\/p>\n","protected":false},"excerpt":{"rendered":"<p>Teraz pi\u0119kno krajobraz\u00f3w Iwonicza-Zdroju zobaczy\u0107 mo\u017cna r\u00f3wnie\u017c dzi\u0119ki obrotowej kamerze on-line zainstalowanej w wyj\u0105tkowym miejscu &#8211; na szczycie \u017babiej G\u00f3ry! &#8230;<\/p>\n","protected":false},"author":2,"featured_media":2917,"comment_status":"closed","ping_status":"open","sticky":false,"template":"","format":"standard","meta":[],"categories":[1],"tags":[41,39],"_links":{"self":[{"href":"http:\/\/grzegorznieradka.pl\/index.php\/wp-json\/wp\/v2\/posts\/2916"}],"collection":[{"href":"http:\/\/grzegorznieradka.pl\/index.php\/wp-json\/wp\/v2\/posts"}],"about":[{"href":"http:\/\/grzegorznieradka.pl\/index.php\/wp-json\/wp\/v2\/types\/post"}],"author":[{"embeddable":true,"href":"http:\/\/grzegorznieradka.pl\/index.php\/wp-json\/wp\/v2\/users\/2"}],"replies":[{"embeddable":true,"href":"http:\/\/grzegorznieradka.pl\/index.php\/wp-json\/wp\/v2\/comments?post=2916"}],"version-history":[{"count":1,"href":"http:\/\/grzegorznieradka.pl\/index.php\/wp-json\/wp\/v2\/posts\/2916\/revisions"}],"predecessor-version":[{"id":2918,"href":"http:\/\/grzegorznieradka.pl\/index.php\/wp-json\/wp\/v2\/posts\/2916\/revisions\/2918"}],"wp:featuredmedia":[{"embeddable":true,"href":"http:\/\/grzegorznieradka.pl\/index.php\/wp-json\/wp\/v2\/media\/2917"}],"wp:attachment":[{"href":"http:\/\/grzegorznieradka.pl\/index.php\/wp-json\/wp\/v2\/media?parent=2916"}],"wp:term":[{"taxonomy":"category","embeddable":true,"href":"http:\/\/grzegorznieradka.pl\/index.php\/wp-json\/wp\/v2\/categories?post=2916"},{"taxonomy":"post_tag","embeddable":true,"href":"http:\/\/grzegorznieradka.pl\/index.php\/wp-json\/wp\/v2\/tags?post=2916"}],"curies":[{"name":"wp","href":"https:\/\/api.w.org\/{rel}","templated":true}]}}