{"id":3058,"date":"2023-12-17T18:04:00","date_gmt":"2023-12-17T17:04:00","guid":{"rendered":"http:\/\/grzegorznieradka.pl\/?p=3058"},"modified":"2024-01-21T18:42:51","modified_gmt":"2024-01-21T17:42:51","slug":"xvi-kiermasz-bozonarodzeniowy-w-iwoniczu-zdroju","status":"publish","type":"post","link":"http:\/\/grzegorznieradka.pl\/index.php\/2023\/12\/17\/xvi-kiermasz-bozonarodzeniowy-w-iwoniczu-zdroju\/","title":{"rendered":"XVI Kiermasz Bo\u017conarodzeniowy w Iwoniczu-Zdroju"},"content":{"rendered":"\n<p>Przed\u015bwi\u0105teczny okres \ud83c\udf84 to tak\u017ce czas, kiedy odbywaj\u0105 si\u0119 tradycyjne \u015bwi\u0105teczne kiermasze <img decoding=\"async\" loading=\"lazy\" width=\"16\" height=\"16\" src=\"https:\/\/static.xx.fbcdn.net\/images\/emoji.php\/v9\/t88\/1\/16\/1f385.png\" alt=\"\ud83c\udf85\"><img decoding=\"async\" loading=\"lazy\" width=\"16\" height=\"16\" src=\"https:\/\/static.xx.fbcdn.net\/images\/emoji.php\/v9\/t58\/1\/16\/1f47c.png\" alt=\"\ud83d\udc7c\">. <br>Nie inaczej by\u0142o w niedziel\u0119 w Iwoniczu-Zdroju, gdzie odby\u0142 si\u0119 ju\u017c XVI Kiermasz Bo\u017conarodzeniowy.<br>W Sali Widowiskowej &#8222;Wczasowicz&#8221; mo\u017cna by\u0142o odwiedzi\u0107 blisko 20 stoisk artyst\u00f3w-r\u0119kodzielnik\u00f3w oraz mistrz\u00f3w tradycyjnej kuchni <img decoding=\"async\" loading=\"lazy\" width=\"16\" height=\"16\" src=\"https:\/\/static.xx.fbcdn.net\/images\/emoji.php\/v9\/te2\/1\/16\/1f95f.png\" alt=\"\ud83e\udd5f\"><img decoding=\"async\" loading=\"lazy\" width=\"16\" height=\"16\" src=\"https:\/\/static.xx.fbcdn.net\/images\/emoji.php\/v9\/tfb\/1\/16\/1f36f.png\" alt=\"\ud83c\udf6f\">  Wspieraj\u0105c lokalnych tw\u00f3rc\u00f3w, mo\u017cna by\u0142o naby\u0107 mi\u0119dzy innymi:<\/p>\n\n\n\n<p><img decoding=\"async\" loading=\"lazy\" width=\"16\" height=\"16\" src=\"https:\/\/static.xx.fbcdn.net\/images\/emoji.php\/v9\/tf4\/1\/16\/2728.png\" alt=\"\u2728\"> pierogi i zakwas na \u017curek b\u0119d\u0105ce specjalno\u015bci\u0105 KGW Iwonicz,<br><img decoding=\"async\" loading=\"lazy\" width=\"16\" height=\"16\" src=\"https:\/\/static.xx.fbcdn.net\/images\/emoji.php\/v9\/tf4\/1\/16\/2728.png\" alt=\"\u2728\"> uszka do barszczu od Stowarzyszenia Ludzi Aktywnych ARES,<br><img decoding=\"async\" loading=\"lazy\" width=\"16\" height=\"16\" src=\"https:\/\/static.xx.fbcdn.net\/images\/emoji.php\/v9\/tf4\/1\/16\/2728.png\" alt=\"\u2728\"> pierniczki i suszone owoce na kompot od KGW Lubat\u00f3wka,<br><img decoding=\"async\" loading=\"lazy\" width=\"16\" height=\"16\" src=\"https:\/\/static.xx.fbcdn.net\/images\/emoji.php\/v9\/tf4\/1\/16\/2728.png\" alt=\"\u2728\"> chleb z pieca opalanego drewnem od Pani Marysi Matusik z KGW Lubatowa,<br><img decoding=\"async\" loading=\"lazy\" width=\"16\" height=\"16\" src=\"https:\/\/static.xx.fbcdn.net\/images\/emoji.php\/v9\/tf4\/1\/16\/2728.png\" alt=\"\u2728\"> piernik d\u0142ugodojrzewaj\u0105cy &#8211; koniecznie od Zespo\u0142u Szk\u00f3\u0142 Gastronomiczno-Hotelarskich <br>     w Iwoniczu-Zdroju,<br><img decoding=\"async\" loading=\"lazy\" width=\"16\" height=\"16\" src=\"https:\/\/static.xx.fbcdn.net\/images\/emoji.php\/v9\/tf4\/1\/16\/2728.png\" alt=\"\u2728\"> szarlotk\u0119 od Szko\u0142y Podstawowej w Iwoniczu-Zdroju,<br><img decoding=\"async\" loading=\"lazy\" width=\"16\" height=\"16\" src=\"https:\/\/static.xx.fbcdn.net\/images\/emoji.php\/v9\/tf4\/1\/16\/2728.png\" alt=\"\u2728\"> \u015bwi\u0105teczne ozdoby i figurki w tym m.in. szopka zrobiona na szyde\u0142ku przez Pani\u0105 Krystyn\u0119 Kinel,<br><img decoding=\"async\" loading=\"lazy\" width=\"16\" height=\"16\" src=\"https:\/\/static.xx.fbcdn.net\/images\/emoji.php\/v9\/tf4\/1\/16\/2728.png\" alt=\"\u2728\"> cudowne ozdoby w postaci dzwonk\u00f3w i gwiazdek od Pani Zosi Chodak,<br><img decoding=\"async\" loading=\"lazy\" width=\"16\" height=\"16\" src=\"https:\/\/static.xx.fbcdn.net\/images\/emoji.php\/v9\/tf4\/1\/16\/2728.png\" alt=\"\u2728\"> r\u0119cznie wykonane serwetki sto\u0142owe na stoisku Pauliny Domaradzkiej,<br><img decoding=\"async\" loading=\"lazy\" width=\"16\" height=\"16\" src=\"https:\/\/static.xx.fbcdn.net\/images\/emoji.php\/v9\/tf4\/1\/16\/2728.png\" alt=\"\u2728\"> stroiki, anio\u0142ki, Miko\u0142aje, smako\u0142yki i inne cude\u0144ka od uczni\u00f3w i rodzic\u00f3w Szk\u00f3\u0142 Podstawowych z terenu    <br>    gminy.<\/p>\n\n\n\n<p>Serdecznie dzi\u0119kuj\u0119 wszystkim uczestnikom za promowanie naszych lokalnych tradycji i zwyczaj\u00f3w \ud83e\udd70 \ud83e\udd17 <\/p>\n","protected":false},"excerpt":{"rendered":"<p>Przed\u015bwi\u0105teczny okres \ud83c\udf84 to tak\u017ce czas, kiedy odbywaj\u0105 si\u0119 tradycyjne \u015bwi\u0105teczne kiermasze . Nie inaczej by\u0142o w niedziel\u0119 w Iwoniczu-Zdroju, &#8230;<\/p>\n","protected":false},"author":2,"featured_media":3061,"comment_status":"closed","ping_status":"open","sticky":false,"template":"","format":"standard","meta":[],"categories":[1],"tags":[440,41,39,426,113,458,457,459],"_links":{"self":[{"href":"http:\/\/grzegorznieradka.pl\/index.php\/wp-json\/wp\/v2\/posts\/3058"}],"collection":[{"href":"http:\/\/grzegorznieradka.pl\/index.php\/wp-json\/wp\/v2\/posts"}],"about":[{"href":"http:\/\/grzegorznieradka.pl\/index.php\/wp-json\/wp\/v2\/types\/post"}],"author":[{"embeddable":true,"href":"http:\/\/grzegorznieradka.pl\/index.php\/wp-json\/wp\/v2\/users\/2"}],"replies":[{"embeddable":true,"href":"http:\/\/grzegorznieradka.pl\/index.php\/wp-json\/wp\/v2\/comments?post=3058"}],"version-history":[{"count":1,"href":"http:\/\/grzegorznieradka.pl\/index.php\/wp-json\/wp\/v2\/posts\/3058\/revisions"}],"predecessor-version":[{"id":3060,"href":"http:\/\/grzegorznieradka.pl\/index.php\/wp-json\/wp\/v2\/posts\/3058\/revisions\/3060"}],"wp:featuredmedia":[{"embeddable":true,"href":"http:\/\/grzegorznieradka.pl\/index.php\/wp-json\/wp\/v2\/media\/3061"}],"wp:attachment":[{"href":"http:\/\/grzegorznieradka.pl\/index.php\/wp-json\/wp\/v2\/media?parent=3058"}],"wp:term":[{"taxonomy":"category","embeddable":true,"href":"http:\/\/grzegorznieradka.pl\/index.php\/wp-json\/wp\/v2\/categories?post=3058"},{"taxonomy":"post_tag","embeddable":true,"href":"http:\/\/grzegorznieradka.pl\/index.php\/wp-json\/wp\/v2\/tags?post=3058"}],"curies":[{"name":"wp","href":"https:\/\/api.w.org\/{rel}","templated":true}]}}