{"id":3086,"date":"2023-10-11T14:39:00","date_gmt":"2023-10-11T12:39:00","guid":{"rendered":"http:\/\/grzegorznieradka.pl\/?p=3086"},"modified":"2024-01-24T22:39:41","modified_gmt":"2024-01-24T21:39:41","slug":"jubileusz-10-lecia-kapeli-tarnowcoki","status":"publish","type":"post","link":"http:\/\/grzegorznieradka.pl\/index.php\/2023\/10\/11\/jubileusz-10-lecia-kapeli-tarnowcoki\/","title":{"rendered":"Jubileusz 10-lecia Kapeli Tarnowcoki"},"content":{"rendered":"\n<p style=\"font-size:17px\">Sobotnie popo\u0142udnie sp\u0119dzi\u0142em z mieszka\u0144cami Gminy Tarnowiec, z kt\u00f3rymi wsp\u00f3lnie \u015bwi\u0119towali\u015bmy jubileusz 10-lecia istnienia Kapeli Tarnowcoki <img decoding=\"async\" loading=\"lazy\" width=\"16\" height=\"16\" src=\"https:\/\/static.xx.fbcdn.net\/images\/emoji.php\/v9\/td7\/1\/16\/1fa97.png\" alt=\"\ud83e\ude97\"><img decoding=\"async\" loading=\"lazy\" width=\"16\" height=\"16\" src=\"https:\/\/static.xx.fbcdn.net\/images\/emoji.php\/v9\/t4b\/1\/16\/1f3bb.png\" alt=\"\ud83c\udfbb\"> Z tej okazji Profesor Piotr Gli\u0144ski przyzna\u0142 nagrod\u0119 okoliczno\u015bciow\u0105 <br>od Ministerstwa Kultury i Dziedzictwa Narodowego w wysoko\u015bci <img decoding=\"async\" style=\"width: 22px;\" src=\"https:\/\/static.xx.fbcdn.net\/images\/emoji.php\/v9\/t7a\/1\/16\/31_20e3.png\" alt=\"1\ufe0f\u20e3\"><img decoding=\"async\" style=\"width: 22px;\" src=\"https:\/\/static.xx.fbcdn.net\/images\/emoji.php\/v9\/tf6\/1\/16\/35_20e3.png\" alt=\"5\ufe0f\u20e3\"> tys. z\u0142 <img decoding=\"async\" style=\"width: 20px;\" src=\"https:\/\/static.xx.fbcdn.net\/images\/emoji.php\/v9\/t5a\/1\/16\/1f4b0.png\" alt=\"\ud83d\udcb0\"><img decoding=\"async\" style=\"width: 20px;\" src=\"https:\/\/static.xx.fbcdn.net\/images\/emoji.php\/v9\/t5a\/1\/16\/1f4b0.png\" alt=\"\ud83d\udcb0\">.<br>Ciesz\u0119 si\u0119, \u017ce mog\u0142em wr\u0119czy\u0107 wraz z pani\u0105 W\u00f3jt Agat\u0105 Augustyn oraz pani\u0105 senator Alicj\u0105 Zaj\u0105c i starost\u0105 Adamem Pawlusiem symboliczny czek <img decoding=\"async\" loading=\"lazy\" width=\"16\" height=\"16\" src=\"https:\/\/static.xx.fbcdn.net\/images\/emoji.php\/v9\/t64\/1\/16\/1f91d.png\" alt=\"\ud83e\udd1d\"> <img decoding=\"async\" loading=\"lazy\" width=\"16\" height=\"16\" src=\"https:\/\/static.xx.fbcdn.net\/images\/emoji.php\/v9\/te0\/1\/16\/1f1f5_1f1f1.png\" alt=\"\ud83c\uddf5\ud83c\uddf1\"> <br>Pozdrawiam tak\u017ce dyrektora Gminnego O\u015brodka Kultury w Tarnowcu i dzi\u0119kuj\u0119 <br>za \u015bwietn\u0105 wsp\u00f3\u0142prac\u0119! <\/p>\n","protected":false},"excerpt":{"rendered":"<p>Sobotnie popo\u0142udnie sp\u0119dzi\u0142em z mieszka\u0144cami Gminy Tarnowiec, z kt\u00f3rymi wsp\u00f3lnie \u015bwi\u0119towali\u015bmy jubileusz 10-lecia istnienia Kapeli Tarnowcoki Z tej okazji Profesor &#8230;<\/p>\n","protected":false},"author":2,"featured_media":3087,"comment_status":"closed","ping_status":"open","sticky":false,"template":"","format":"standard","meta":[],"categories":[1],"tags":[426,476,444,460,449,447],"_links":{"self":[{"href":"http:\/\/grzegorznieradka.pl\/index.php\/wp-json\/wp\/v2\/posts\/3086"}],"collection":[{"href":"http:\/\/grzegorznieradka.pl\/index.php\/wp-json\/wp\/v2\/posts"}],"about":[{"href":"http:\/\/grzegorznieradka.pl\/index.php\/wp-json\/wp\/v2\/types\/post"}],"author":[{"embeddable":true,"href":"http:\/\/grzegorznieradka.pl\/index.php\/wp-json\/wp\/v2\/users\/2"}],"replies":[{"embeddable":true,"href":"http:\/\/grzegorznieradka.pl\/index.php\/wp-json\/wp\/v2\/comments?post=3086"}],"version-history":[{"count":6,"href":"http:\/\/grzegorznieradka.pl\/index.php\/wp-json\/wp\/v2\/posts\/3086\/revisions"}],"predecessor-version":[{"id":3093,"href":"http:\/\/grzegorznieradka.pl\/index.php\/wp-json\/wp\/v2\/posts\/3086\/revisions\/3093"}],"wp:featuredmedia":[{"embeddable":true,"href":"http:\/\/grzegorznieradka.pl\/index.php\/wp-json\/wp\/v2\/media\/3087"}],"wp:attachment":[{"href":"http:\/\/grzegorznieradka.pl\/index.php\/wp-json\/wp\/v2\/media?parent=3086"}],"wp:term":[{"taxonomy":"category","embeddable":true,"href":"http:\/\/grzegorznieradka.pl\/index.php\/wp-json\/wp\/v2\/categories?post=3086"},{"taxonomy":"post_tag","embeddable":true,"href":"http:\/\/grzegorznieradka.pl\/index.php\/wp-json\/wp\/v2\/tags?post=3086"}],"curies":[{"name":"wp","href":"https:\/\/api.w.org\/{rel}","templated":true}]}}