{"id":3103,"date":"2023-09-09T11:11:00","date_gmt":"2023-09-09T09:11:00","guid":{"rendered":"http:\/\/grzegorznieradka.pl\/?p=3103"},"modified":"2024-01-25T21:10:20","modified_gmt":"2024-01-25T20:10:20","slug":"cykl-szkolen-dla-seniorow","status":"publish","type":"post","link":"http:\/\/grzegorznieradka.pl\/index.php\/2023\/09\/09\/cykl-szkolen-dla-seniorow\/","title":{"rendered":"Cykl szkole\u0144 dla senior\u00f3w"},"content":{"rendered":"\n<p><img decoding=\"async\" loading=\"lazy\" width=\"16\" height=\"16\" src=\"https:\/\/static.xx.fbcdn.net\/images\/emoji.php\/v9\/t77\/1\/16\/203c.png\" alt=\"\u203c\ufe0f\"> W Willi Krakowiak w Iwoniczu-Zdroju zainaugurowali\u015bmy projekt  Aktywni Plus dedykowany naszym seniorom <img decoding=\"async\" loading=\"lazy\" width=\"16\" height=\"16\" src=\"https:\/\/static.xx.fbcdn.net\/images\/emoji.php\/v9\/tb7\/1\/16\/1f917.png\" alt=\"\ud83e\udd17\">  Realizacja projektu jest mo\u017cliwa dzi\u0119ki \u015brodkom z Ministerstwa Rodziny i Polityki Spo\u0142ecznej <img decoding=\"async\" loading=\"lazy\" width=\"16\" height=\"16\" src=\"https:\/\/static.xx.fbcdn.net\/images\/emoji.php\/v9\/te0\/1\/16\/1f1f5_1f1f1.png\" alt=\"\ud83c\uddf5\ud83c\uddf1\"> <\/p>\n\n\n\n<p>Ciesz\u0119 si\u0119, \u017ce mog\u0119 aktywnie dzia\u0142a\u0107 na rzecz os\u00f3b starszych <img decoding=\"async\" loading=\"lazy\" width=\"16\" height=\"16\" src=\"https:\/\/static.xx.fbcdn.net\/images\/emoji.php\/v9\/t19\/1\/16\/1f468_200d_1f4bb.png\" alt=\"\ud83d\udc68\u200d\ud83d\udcbb\"><img decoding=\"async\" loading=\"lazy\" width=\"16\" height=\"16\" src=\"https:\/\/static.xx.fbcdn.net\/images\/emoji.php\/v9\/t64\/1\/16\/1f474_1f3fb.png\" alt=\"\ud83d\udc74\ud83c\udffb\"> Dzi\u0119kuj\u0119 Fundacji Misji Obywatelskiej za dobr\u0105 wsp\u00f3\u0142prac\u0119 <img decoding=\"async\" loading=\"lazy\" width=\"16\" height=\"16\" src=\"https:\/\/static.xx.fbcdn.net\/images\/emoji.php\/v9\/t64\/1\/16\/1f91d.png\" alt=\"\ud83e\udd1d\"> <img decoding=\"async\" loading=\"lazy\" width=\"16\" height=\"16\" src=\"https:\/\/static.xx.fbcdn.net\/images\/emoji.php\/v9\/t6c\/1\/16\/1f4aa.png\" alt=\"\ud83d\udcaa\"> <\/p>\n","protected":false},"excerpt":{"rendered":"<p>W Willi Krakowiak w Iwoniczu-Zdroju zainaugurowali\u015bmy projekt Aktywni Plus dedykowany naszym seniorom Realizacja projektu jest mo\u017cliwa dzi\u0119ki \u015brodkom z Ministerstwa &#8230;<\/p>\n","protected":false},"author":2,"featured_media":3104,"comment_status":"closed","ping_status":"open","sticky":false,"template":"","format":"standard","meta":[],"categories":[1],"tags":[487,39,426,259,113,486,485,488],"_links":{"self":[{"href":"http:\/\/grzegorznieradka.pl\/index.php\/wp-json\/wp\/v2\/posts\/3103"}],"collection":[{"href":"http:\/\/grzegorznieradka.pl\/index.php\/wp-json\/wp\/v2\/posts"}],"about":[{"href":"http:\/\/grzegorznieradka.pl\/index.php\/wp-json\/wp\/v2\/types\/post"}],"author":[{"embeddable":true,"href":"http:\/\/grzegorznieradka.pl\/index.php\/wp-json\/wp\/v2\/users\/2"}],"replies":[{"embeddable":true,"href":"http:\/\/grzegorznieradka.pl\/index.php\/wp-json\/wp\/v2\/comments?post=3103"}],"version-history":[{"count":1,"href":"http:\/\/grzegorznieradka.pl\/index.php\/wp-json\/wp\/v2\/posts\/3103\/revisions"}],"predecessor-version":[{"id":3105,"href":"http:\/\/grzegorznieradka.pl\/index.php\/wp-json\/wp\/v2\/posts\/3103\/revisions\/3105"}],"wp:featuredmedia":[{"embeddable":true,"href":"http:\/\/grzegorznieradka.pl\/index.php\/wp-json\/wp\/v2\/media\/3104"}],"wp:attachment":[{"href":"http:\/\/grzegorznieradka.pl\/index.php\/wp-json\/wp\/v2\/media?parent=3103"}],"wp:term":[{"taxonomy":"category","embeddable":true,"href":"http:\/\/grzegorznieradka.pl\/index.php\/wp-json\/wp\/v2\/categories?post=3103"},{"taxonomy":"post_tag","embeddable":true,"href":"http:\/\/grzegorznieradka.pl\/index.php\/wp-json\/wp\/v2\/tags?post=3103"}],"curies":[{"name":"wp","href":"https:\/\/api.w.org\/{rel}","templated":true}]}}