{"id":3295,"date":"2024-03-23T00:09:30","date_gmt":"2024-03-22T23:09:30","guid":{"rendered":"http:\/\/grzegorznieradka.pl\/?p=3295"},"modified":"2024-03-23T00:09:32","modified_gmt":"2024-03-22T23:09:32","slug":"odpust-parafialny-ku-czci-sw-jozefa","status":"publish","type":"post","link":"http:\/\/grzegorznieradka.pl\/index.php\/2024\/03\/23\/odpust-parafialny-ku-czci-sw-jozefa\/","title":{"rendered":"Odpust parafialny ku czci \u015bw. J\u00f3zefa"},"content":{"rendered":"\n<p class=\"has-medium-font-size\">Uroczysto\u015b\u0107 \u015awi\u0119tego J\u00f3zefa  <img decoding=\"async\" style=\"width: 22px;\" src=\"https:\/\/static.xx.fbcdn.net\/images\/emoji.php\/v9\/t80\/1\/16\/1f64f.png\" alt=\"\ud83d\ude4f\"> w naszej parafii pw. Wszystkich \u015awi\u0119tych <br>w Iwoniczu to dzie\u0144 odpustu <img decoding=\"async\" style=\"width: 22px;\" src=\"https:\/\/static.xx.fbcdn.net\/images\/emoji.php\/v9\/t6c\/1\/16\/2764.png\" alt=\"\u2764\ufe0f\"> O godz. 11:00 uczestniczy\u0142em w uroczystej Mszy \u015awi\u0119tej po\u0142\u0105czonej z wprowadzeniem relikwii b\u0142ogos\u0142awionej Rodziny Ulm\u00f3w <img decoding=\"async\" style=\"width: 22px;\" src=\"https:\/\/static.xx.fbcdn.net\/images\/emoji.php\/v9\/t80\/1\/16\/1f64f.png\" alt=\"\ud83d\ude4f\"> <img decoding=\"async\" style=\"width: 22px;\" src=\"https:\/\/static.xx.fbcdn.net\/images\/emoji.php\/v9\/t6c\/1\/16\/2764.png\" alt=\"\u2764\ufe0f\"> Pami\u0119tajmy, \u017ce g\u0142ow\u0105 tej podkarpackiej rodziny by\u0142 J\u00f3zef Ulma <img decoding=\"async\" style=\"width: 22px;\" src=\"https:\/\/static.xx.fbcdn.net\/images\/emoji.php\/v9\/tb7\/1\/16\/1f917.png\" alt=\"\ud83e\udd17\"> Wszystkim J\u00f3zefom \u017cycz\u0119 du\u017co zdrowia i opieki \u015awi\u0119tego Patrona <img decoding=\"async\" style=\"width: 22px;\" src=\"https:\/\/static.xx.fbcdn.net\/images\/emoji.php\/v9\/t80\/1\/16\/1f64f.png\" alt=\"\ud83d\ude4f\"><\/p>\n\n\n\n<p><img decoding=\"async\" loading=\"lazy\" alt=\"\ud83d\udcf8\" src=\"https:\/\/static.xx.fbcdn.net\/images\/emoji.php\/v9\/tde\/1\/16\/1f4f8.png\" width=\"16\" height=\"16\"> Fot. O\u0142tarz \u015bw. J\u00f3zefa w kaplicy parafialnego ko\u015bcio\u0142a<\/p>\n","protected":false},"excerpt":{"rendered":"<p>Uroczysto\u015b\u0107 \u015awi\u0119tego J\u00f3zefa w naszej parafii pw. Wszystkich \u015awi\u0119tych w Iwoniczu to dzie\u0144 odpustu O godz. 11:00 uczestniczy\u0142em w uroczystej &#8230;<\/p>\n","protected":false},"author":2,"featured_media":3303,"comment_status":"closed","ping_status":"open","sticky":false,"template":"","format":"standard","meta":[],"categories":[1],"tags":[41,259,257],"_links":{"self":[{"href":"http:\/\/grzegorznieradka.pl\/index.php\/wp-json\/wp\/v2\/posts\/3295"}],"collection":[{"href":"http:\/\/grzegorznieradka.pl\/index.php\/wp-json\/wp\/v2\/posts"}],"about":[{"href":"http:\/\/grzegorznieradka.pl\/index.php\/wp-json\/wp\/v2\/types\/post"}],"author":[{"embeddable":true,"href":"http:\/\/grzegorznieradka.pl\/index.php\/wp-json\/wp\/v2\/users\/2"}],"replies":[{"embeddable":true,"href":"http:\/\/grzegorznieradka.pl\/index.php\/wp-json\/wp\/v2\/comments?post=3295"}],"version-history":[{"count":3,"href":"http:\/\/grzegorznieradka.pl\/index.php\/wp-json\/wp\/v2\/posts\/3295\/revisions"}],"predecessor-version":[{"id":3307,"href":"http:\/\/grzegorznieradka.pl\/index.php\/wp-json\/wp\/v2\/posts\/3295\/revisions\/3307"}],"wp:featuredmedia":[{"embeddable":true,"href":"http:\/\/grzegorznieradka.pl\/index.php\/wp-json\/wp\/v2\/media\/3303"}],"wp:attachment":[{"href":"http:\/\/grzegorznieradka.pl\/index.php\/wp-json\/wp\/v2\/media?parent=3295"}],"wp:term":[{"taxonomy":"category","embeddable":true,"href":"http:\/\/grzegorznieradka.pl\/index.php\/wp-json\/wp\/v2\/categories?post=3295"},{"taxonomy":"post_tag","embeddable":true,"href":"http:\/\/grzegorznieradka.pl\/index.php\/wp-json\/wp\/v2\/tags?post=3295"}],"curies":[{"name":"wp","href":"https:\/\/api.w.org\/{rel}","templated":true}]}}