{"id":3308,"date":"2024-03-23T00:42:37","date_gmt":"2024-03-22T23:42:37","guid":{"rendered":"http:\/\/grzegorznieradka.pl\/?p=3308"},"modified":"2024-03-23T01:50:30","modified_gmt":"2024-03-23T00:50:30","slug":"o-odbudowaniu-wspolnoty-na-antenie-radia-maryja","status":"publish","type":"post","link":"http:\/\/grzegorznieradka.pl\/index.php\/2024\/03\/23\/o-odbudowaniu-wspolnoty-na-antenie-radia-maryja\/","title":{"rendered":"O odbudowaniu wsp\u00f3lnoty na antenie Radia Maryja"},"content":{"rendered":"\n<figure class=\"wp-block-image size-full\"><a href=\"http:\/\/grzegorznieradka.pl\/wp-content\/uploads\/2024\/03\/O-odbudowaniu-wspolnoty_wywiad-w-Radio-Maryja.jpg\"><img decoding=\"async\" loading=\"lazy\" width=\"960\" height=\"540\" src=\"http:\/\/grzegorznieradka.pl\/wp-content\/uploads\/2024\/03\/O-odbudowaniu-wspolnoty_wywiad-w-Radio-Maryja.jpg\" alt=\"\" class=\"wp-image-3312\" srcset=\"http:\/\/grzegorznieradka.pl\/wp-content\/uploads\/2024\/03\/O-odbudowaniu-wspolnoty_wywiad-w-Radio-Maryja.jpg 960w, http:\/\/grzegorznieradka.pl\/wp-content\/uploads\/2024\/03\/O-odbudowaniu-wspolnoty_wywiad-w-Radio-Maryja-300x169.jpg 300w, http:\/\/grzegorznieradka.pl\/wp-content\/uploads\/2024\/03\/O-odbudowaniu-wspolnoty_wywiad-w-Radio-Maryja-768x432.jpg 768w\" sizes=\"(max-width: 960px) 100vw, 960px\" \/><\/a><\/figure>\n\n\n\n<p class=\"has-medium-font-size\">Z redaktorem Kajetanem Rajskim rozmawiali\u015bmy na antenie Radia Maryja <img decoding=\"async\" style=\"width: 22px;\" src=\"https:\/\/static.xx.fbcdn.net\/images\/emoji.php\/v9\/t2b\/1\/16\/1f399.png\" alt=\"\ud83c\udf99\ufe0f\">  o Iwoniczu, rozwoju kultury, konieczno\u015bci odbudowania wsp\u00f3lnoty oraz o inicjatywie EDK &#8211; Ekstremalna Droga Krzy\u017cowa <img decoding=\"async\" style=\"width: 22px;\" src=\"https:\/\/static.xx.fbcdn.net\/images\/emoji.php\/v9\/t6c\/1\/16\/1f4aa.png\" alt=\"\ud83d\udcaa\"><img decoding=\"async\" style=\"width: 22px;\" src=\"https:\/\/static.xx.fbcdn.net\/images\/emoji.php\/v9\/t80\/1\/16\/1f64f.png\" alt=\"\ud83d\ude4f\"> Zach\u0119cam do wys\u0142uchania : <a rel=\"noreferrer noopener\" href=\"https:\/\/www.radiomaryja.pl\/multimedia\/glos-z-krakowa-729\/\" data-type=\"URL\" target=\"_blank\">kliknij, aby wys\u0142ucha\u0107 audycji<\/a><\/p>\n","protected":false},"excerpt":{"rendered":"<p>Z redaktorem Kajetanem Rajskim rozmawiali\u015bmy na antenie Radia Maryja o Iwoniczu, rozwoju kultury, konieczno\u015bci odbudowania wsp\u00f3lnoty oraz o inicjatywie EDK &#8230;<\/p>\n","protected":false},"author":2,"featured_media":3333,"comment_status":"closed","ping_status":"open","sticky":false,"template":"","format":"standard","meta":[],"categories":[1],"tags":[513,41,39,518,113,519,500],"_links":{"self":[{"href":"http:\/\/grzegorznieradka.pl\/index.php\/wp-json\/wp\/v2\/posts\/3308"}],"collection":[{"href":"http:\/\/grzegorznieradka.pl\/index.php\/wp-json\/wp\/v2\/posts"}],"about":[{"href":"http:\/\/grzegorznieradka.pl\/index.php\/wp-json\/wp\/v2\/types\/post"}],"author":[{"embeddable":true,"href":"http:\/\/grzegorznieradka.pl\/index.php\/wp-json\/wp\/v2\/users\/2"}],"replies":[{"embeddable":true,"href":"http:\/\/grzegorznieradka.pl\/index.php\/wp-json\/wp\/v2\/comments?post=3308"}],"version-history":[{"count":4,"href":"http:\/\/grzegorznieradka.pl\/index.php\/wp-json\/wp\/v2\/posts\/3308\/revisions"}],"predecessor-version":[{"id":3334,"href":"http:\/\/grzegorznieradka.pl\/index.php\/wp-json\/wp\/v2\/posts\/3308\/revisions\/3334"}],"wp:featuredmedia":[{"embeddable":true,"href":"http:\/\/grzegorznieradka.pl\/index.php\/wp-json\/wp\/v2\/media\/3333"}],"wp:attachment":[{"href":"http:\/\/grzegorznieradka.pl\/index.php\/wp-json\/wp\/v2\/media?parent=3308"}],"wp:term":[{"taxonomy":"category","embeddable":true,"href":"http:\/\/grzegorznieradka.pl\/index.php\/wp-json\/wp\/v2\/categories?post=3308"},{"taxonomy":"post_tag","embeddable":true,"href":"http:\/\/grzegorznieradka.pl\/index.php\/wp-json\/wp\/v2\/tags?post=3308"}],"curies":[{"name":"wp","href":"https:\/\/api.w.org\/{rel}","templated":true}]}}