{"id":3335,"date":"2024-03-23T00:18:00","date_gmt":"2024-03-22T23:18:00","guid":{"rendered":"http:\/\/grzegorznieradka.pl\/?p=3335"},"modified":"2024-03-23T02:54:53","modified_gmt":"2024-03-23T01:54:53","slug":"grzegorz-nieradka-kandydat-na-burmistrza-gminy-iwonicz-zdroj","status":"publish","type":"post","link":"http:\/\/grzegorznieradka.pl\/index.php\/2024\/03\/23\/grzegorz-nieradka-kandydat-na-burmistrza-gminy-iwonicz-zdroj\/","title":{"rendered":"Grzegorz Nieradka -kandydat na Burmistrza Gminy Iwonicz-Zdr\u00f3j"},"content":{"rendered":"\n<p class=\"has-medium-font-size\">Kika s\u0142\u00f3w o mnie i o tym, dlaczego zdecydowa\u0142em si\u0119 kandydowa\u0107 na Burmistrza Gminy Iwonicz-Zdr\u00f3j <img decoding=\"async\" style=\"width: 22px;\" src=\"https:\/\/static.xx.fbcdn.net\/images\/emoji.php\/v9\/t61\/1\/16\/270c.png\" alt=\"\u270c\ufe0f\"><img decoding=\"async\" src=\"https:\/\/static.xx.fbcdn.net\/images\/emoji.php\/v9\/te0\/1\/16\/1f1f5_1f1f1.png\" alt=\"\ud83c\uddf5\ud83c\uddf1\" style=\"width: 22px;\"><\/p>\n\n\n\n<p class=\"has-medium-font-size\"><img decoding=\"async\" loading=\"lazy\" width=\"16\" height=\"16\" src=\"https:\/\/static.xx.fbcdn.net\/images\/emoji.php\/v9\/t7a\/1\/16\/31_20e3.png\" alt=\"1\ufe0f\u20e3\"> oczekiwanie spo\u0142eczne dokonania pozytywnych zmian &#8211; czas na m\u0142odych! <img decoding=\"async\" src=\"https:\/\/static.xx.fbcdn.net\/images\/emoji.php\/v9\/t6c\/1\/16\/1f4aa.png\" alt=\"\ud83d\udcaa\" style=\"width: 22px;\"><\/p>\n\n\n\n<p class=\"has-medium-font-size\"><img decoding=\"async\" loading=\"lazy\" alt=\"2\ufe0f\u20e3\" src=\"https:\/\/static.xx.fbcdn.net\/images\/emoji.php\/v9\/t99\/1\/16\/32_20e3.png\" width=\"16\" height=\"16\"> wykorzystanie dziejowej szansy rozwojowej, jak\u0105 jest planowane otwarcie trasy szybkiego ruchu S19 <img decoding=\"async\" loading=\"lazy\" alt=\"\ud83d\udee3\ufe0f\" src=\"https:\/\/static.xx.fbcdn.net\/images\/emoji.php\/v9\/t3c\/1\/16\/1f6e3.png\" width=\"16\" height=\"16\"><\/p>\n\n\n\n<p class=\"has-medium-font-size\"><img decoding=\"async\" loading=\"lazy\" width=\"16\" height=\"16\" src=\"https:\/\/static.xx.fbcdn.net\/images\/emoji.php\/v9\/tb8\/1\/16\/33_20e3.png\" alt=\"3\ufe0f\u20e3\"> konieczno\u015b\u0107 odbudowania wsp\u00f3lnoty <img decoding=\"async\" src=\"https:\/\/static.xx.fbcdn.net\/images\/emoji.php\/v9\/tb7\/1\/16\/1f917.png\" alt=\"\ud83e\udd17\" style=\"width: 22px;\"><\/p>\n\n\n<div class=\"wp-block-image\">\n<figure class=\"aligncenter size-full\"><a href=\"http:\/\/grzegorznieradka.pl\/wp-content\/uploads\/2024\/03\/O-tym-dlaczego-kandyduje-na-Burmistrza-Gminy-Iwonicz-Zdroj-1.jpg\"><img decoding=\"async\" loading=\"lazy\" width=\"509\" height=\"720\" src=\"http:\/\/grzegorznieradka.pl\/wp-content\/uploads\/2024\/03\/O-tym-dlaczego-kandyduje-na-Burmistrza-Gminy-Iwonicz-Zdroj-1.jpg\" alt=\"\" class=\"wp-image-3340\" srcset=\"http:\/\/grzegorznieradka.pl\/wp-content\/uploads\/2024\/03\/O-tym-dlaczego-kandyduje-na-Burmistrza-Gminy-Iwonicz-Zdroj-1.jpg 509w, http:\/\/grzegorznieradka.pl\/wp-content\/uploads\/2024\/03\/O-tym-dlaczego-kandyduje-na-Burmistrza-Gminy-Iwonicz-Zdroj-1-212x300.jpg 212w\" sizes=\"(max-width: 509px) 100vw, 509px\" \/><\/a><\/figure><\/div>","protected":false},"excerpt":{"rendered":"<p>Kika s\u0142\u00f3w o mnie i o tym, dlaczego zdecydowa\u0142em si\u0119 kandydowa\u0107 na Burmistrza Gminy Iwonicz-Zdr\u00f3j oczekiwanie spo\u0142eczne dokonania pozytywnych zmian &#8230;<\/p>\n","protected":false},"author":2,"featured_media":3337,"comment_status":"closed","ping_status":"open","sticky":false,"template":"","format":"standard","meta":[],"categories":[1],"tags":[41,39,518,259,113,451,468,500],"_links":{"self":[{"href":"http:\/\/grzegorznieradka.pl\/index.php\/wp-json\/wp\/v2\/posts\/3335"}],"collection":[{"href":"http:\/\/grzegorznieradka.pl\/index.php\/wp-json\/wp\/v2\/posts"}],"about":[{"href":"http:\/\/grzegorznieradka.pl\/index.php\/wp-json\/wp\/v2\/types\/post"}],"author":[{"embeddable":true,"href":"http:\/\/grzegorznieradka.pl\/index.php\/wp-json\/wp\/v2\/users\/2"}],"replies":[{"embeddable":true,"href":"http:\/\/grzegorznieradka.pl\/index.php\/wp-json\/wp\/v2\/comments?post=3335"}],"version-history":[{"count":2,"href":"http:\/\/grzegorznieradka.pl\/index.php\/wp-json\/wp\/v2\/posts\/3335\/revisions"}],"predecessor-version":[{"id":3341,"href":"http:\/\/grzegorznieradka.pl\/index.php\/wp-json\/wp\/v2\/posts\/3335\/revisions\/3341"}],"wp:featuredmedia":[{"embeddable":true,"href":"http:\/\/grzegorznieradka.pl\/index.php\/wp-json\/wp\/v2\/media\/3337"}],"wp:attachment":[{"href":"http:\/\/grzegorznieradka.pl\/index.php\/wp-json\/wp\/v2\/media?parent=3335"}],"wp:term":[{"taxonomy":"category","embeddable":true,"href":"http:\/\/grzegorznieradka.pl\/index.php\/wp-json\/wp\/v2\/categories?post=3335"},{"taxonomy":"post_tag","embeddable":true,"href":"http:\/\/grzegorznieradka.pl\/index.php\/wp-json\/wp\/v2\/tags?post=3335"}],"curies":[{"name":"wp","href":"https:\/\/api.w.org\/{rel}","templated":true}]}}