{"id":3342,"date":"2024-03-23T03:28:12","date_gmt":"2024-03-23T02:28:12","guid":{"rendered":"http:\/\/grzegorznieradka.pl\/?p=3342"},"modified":"2024-03-23T03:28:13","modified_gmt":"2024-03-23T02:28:13","slug":"zespol-gotowy-do-dzialania","status":"publish","type":"post","link":"http:\/\/grzegorznieradka.pl\/index.php\/2024\/03\/23\/zespol-gotowy-do-dzialania\/","title":{"rendered":"Zesp\u00f3\u0142 gotowy do dzia\u0142ania"},"content":{"rendered":"\n<p>Przysz\u0142a wiosna <img decoding=\"async\" style=\"width: 22px;\" src=\"https:\/\/static.xx.fbcdn.net\/images\/emoji.php\/v9\/t51\/1\/16\/1f603.png\" alt=\"\ud83d\ude03\"> <img decoding=\"async\" style=\"width: 22px;\" src=\"https:\/\/static.xx.fbcdn.net\/images\/emoji.php\/v9\/t6f\/1\/16\/1f337.png\" alt=\"\ud83c\udf37\"> A wraz z ni\u0105 czas na pozytywne zmiany! <img decoding=\"async\" style=\"width: 22px;\" src=\"https:\/\/static.xx.fbcdn.net\/images\/emoji.php\/v9\/t61\/1\/16\/270c.png\" alt=\"\u270c\ufe0f\"> <img decoding=\"async\" src=\"https:\/\/static.xx.fbcdn.net\/images\/emoji.php\/v9\/te0\/1\/16\/1f1f5_1f1f1.png\" alt=\"\ud83c\uddf5\ud83c\uddf1\" style=\"width: 22px;\"><\/p>\n\n\n\n<p>Do wybor\u00f3w nie id\u0119 sam,  wspiera mnie i razem ze mn\u0105 pozytywnych zmian chce dokona\u0107 wspania\u0142a Dru\u017cyna: <\/p>\n\n\n\n<p><strong>Kandydaci do Rady Miejskiej w Iwoniczu-Zdroju:<\/strong><\/p>\n\n\n\n<p>Karol Szurlej, okr\u0119g nr 1, Iwonicz-Zdr\u00f3j<br>Halina J\u00f3zefczyk-Habrat, okr\u0119g nr 2, Iwonicz-Zdr\u00f3j<br>Andrzej Madej, okr\u0119g nr 3, Iwonicz<br>Micha\u0142 \u0141o\u015b, okr\u0119g nr 4, Iwonicz<br>Krzysztof Lorens, okr\u0119g nr 5, Iwonicz<br>J\u00f3zef Sowi\u0144ski, okr\u0119g nr 6, Iwonicz<br>Maria Kandefer-Nycz, okr\u0119g nr 7, Iwonicz<br>Krzysztof Prajsnar, okr\u0119g nr 8, Iwonicz<br>Paulina Domaradzka, okr\u0119g nr 9, Lubatowa<br>Marcin Zaj\u0105c, okr\u0119g nr 10, Lubatowa<br>Jolanta Zi\u0119ba, okr\u0119g nr 11, Lubatowa<br>Konrad Kowalski, okr\u0119g nr 12, Lubatowa,<br>\u0141ukasz Zaj\u0105c, okr\u0119g nr 13, Lubatowa,<br>S\u0142awomir Kolak, okr\u0119g nr 14, Lubat\u00f3wka<br>Piotr Aszklar, okr\u0119g nr 15, Lubat\u00f3wka<\/p>\n\n\n\n<p><strong>Kandydaci do Rady Rady Powiatu Kro\u015bnie\u0144skiego:<\/strong><\/p>\n\n\n\n<p>Maria Parylak<br>Bogdan Ryznar<br>Margareta Niepok\u00f3j<\/p>\n\n\n\n<p><strong>Kandydatka do Sejmiku Wojew\u00f3dztwa Podkarpackiego:<\/strong> <br>Katarzyna Madej-Janowska<\/p>\n\n\n\n<p><strong>7 kwietnia prosimy o Pa\u0144stwa g\u0142os <img decoding=\"async\" style=\"width: 22px;\" src=\"https:\/\/static.xx.fbcdn.net\/images\/emoji.php\/v9\/t51\/1\/16\/1f603.png\" alt=\"\ud83d\ude03\">  Razem Odbudujemy Wsp\u00f3lnot\u0119 <img decoding=\"async\" style=\"width: 22px;\" src=\"https:\/\/static.xx.fbcdn.net\/images\/emoji.php\/v9\/t61\/1\/16\/270c.png\" alt=\"\u270c\ufe0f\"><img decoding=\"async\" style=\"width: 22px;\" src=\"https:\/\/static.xx.fbcdn.net\/images\/emoji.php\/v9\/te0\/1\/16\/1f1f5_1f1f1.png\" alt=\"\ud83c\uddf5\ud83c\uddf1\"><\/strong><\/p>\n","protected":false},"excerpt":{"rendered":"<p>Przysz\u0142a wiosna A wraz z ni\u0105 czas na pozytywne zmiany! Do wybor\u00f3w nie id\u0119 sam, wspiera mnie i razem ze &#8230;<\/p>\n","protected":false},"author":2,"featured_media":3343,"comment_status":"closed","ping_status":"open","sticky":false,"template":"","format":"standard","meta":[],"categories":[1],"tags":[41,39,518,259,113,451,468,500],"_links":{"self":[{"href":"http:\/\/grzegorznieradka.pl\/index.php\/wp-json\/wp\/v2\/posts\/3342"}],"collection":[{"href":"http:\/\/grzegorznieradka.pl\/index.php\/wp-json\/wp\/v2\/posts"}],"about":[{"href":"http:\/\/grzegorznieradka.pl\/index.php\/wp-json\/wp\/v2\/types\/post"}],"author":[{"embeddable":true,"href":"http:\/\/grzegorznieradka.pl\/index.php\/wp-json\/wp\/v2\/users\/2"}],"replies":[{"embeddable":true,"href":"http:\/\/grzegorznieradka.pl\/index.php\/wp-json\/wp\/v2\/comments?post=3342"}],"version-history":[{"count":3,"href":"http:\/\/grzegorznieradka.pl\/index.php\/wp-json\/wp\/v2\/posts\/3342\/revisions"}],"predecessor-version":[{"id":3346,"href":"http:\/\/grzegorznieradka.pl\/index.php\/wp-json\/wp\/v2\/posts\/3342\/revisions\/3346"}],"wp:featuredmedia":[{"embeddable":true,"href":"http:\/\/grzegorznieradka.pl\/index.php\/wp-json\/wp\/v2\/media\/3343"}],"wp:attachment":[{"href":"http:\/\/grzegorznieradka.pl\/index.php\/wp-json\/wp\/v2\/media?parent=3342"}],"wp:term":[{"taxonomy":"category","embeddable":true,"href":"http:\/\/grzegorznieradka.pl\/index.php\/wp-json\/wp\/v2\/categories?post=3342"},{"taxonomy":"post_tag","embeddable":true,"href":"http:\/\/grzegorznieradka.pl\/index.php\/wp-json\/wp\/v2\/tags?post=3342"}],"curies":[{"name":"wp","href":"https:\/\/api.w.org\/{rel}","templated":true}]}}