{"id":3358,"date":"2024-03-24T19:32:08","date_gmt":"2024-03-24T18:32:08","guid":{"rendered":"http:\/\/grzegorznieradka.pl\/?p=3358"},"modified":"2024-03-24T19:32:11","modified_gmt":"2024-03-24T18:32:11","slug":"polityka-prorodzinna","status":"publish","type":"post","link":"http:\/\/grzegorznieradka.pl\/index.php\/2024\/03\/24\/polityka-prorodzinna\/","title":{"rendered":"Polityka prorodzinna"},"content":{"rendered":"\n<p class=\"has-medium-font-size\">Nasza polityka prorodzinna <img decoding=\"async\" src=\"https:\/\/static.xx.fbcdn.net\/images\/emoji.php\/v9\/t1c\/1\/16\/1f468_200d_1f469_200d_1f467_200d_1f467.png\" alt=\"\ud83d\udc68\u200d\ud83d\udc69\u200d\ud83d\udc67\u200d\ud83d\udc67\" style=\"width: 22px;\"> obejmie m.in. utworzenie Gminnej Karty Du\u017cej Rodziny, budow\u0119 \u017c\u0142obk\u00f3w, wyprawk\u0119 dla przedszkolaka<\/p>\n\n\n\n<figure class=\"wp-block-image size-large\"><a href=\"http:\/\/grzegorznieradka.pl\/wp-content\/uploads\/2024\/03\/polityka-prorodzinna-program.jpg\"><img decoding=\"async\" loading=\"lazy\" width=\"1024\" height=\"1024\" src=\"http:\/\/grzegorznieradka.pl\/wp-content\/uploads\/2024\/03\/polityka-prorodzinna-program-1024x1024.jpg\" alt=\"\" class=\"wp-image-3359\" srcset=\"http:\/\/grzegorznieradka.pl\/wp-content\/uploads\/2024\/03\/polityka-prorodzinna-program-1024x1024.jpg 1024w, http:\/\/grzegorznieradka.pl\/wp-content\/uploads\/2024\/03\/polityka-prorodzinna-program-300x300.jpg 300w, http:\/\/grzegorznieradka.pl\/wp-content\/uploads\/2024\/03\/polityka-prorodzinna-program-150x150.jpg 150w, http:\/\/grzegorznieradka.pl\/wp-content\/uploads\/2024\/03\/polityka-prorodzinna-program-768x768.jpg 768w, http:\/\/grzegorznieradka.pl\/wp-content\/uploads\/2024\/03\/polityka-prorodzinna-program-1536x1536.jpg 1536w, http:\/\/grzegorznieradka.pl\/wp-content\/uploads\/2024\/03\/polityka-prorodzinna-program.jpg 2048w\" sizes=\"(max-width: 1024px) 100vw, 1024px\" \/><\/a><\/figure>\n","protected":false},"excerpt":{"rendered":"<p>Nasza polityka prorodzinna obejmie m.in. utworzenie Gminnej Karty Du\u017cej Rodziny, budow\u0119 \u017c\u0142obk\u00f3w, wyprawk\u0119 dla przedszkolaka<\/p>\n","protected":false},"author":2,"featured_media":3360,"comment_status":"closed","ping_status":"open","sticky":false,"template":"","format":"standard","meta":[],"categories":[1],"tags":[41,518,259,113,451,468,500,520],"_links":{"self":[{"href":"http:\/\/grzegorznieradka.pl\/index.php\/wp-json\/wp\/v2\/posts\/3358"}],"collection":[{"href":"http:\/\/grzegorznieradka.pl\/index.php\/wp-json\/wp\/v2\/posts"}],"about":[{"href":"http:\/\/grzegorznieradka.pl\/index.php\/wp-json\/wp\/v2\/types\/post"}],"author":[{"embeddable":true,"href":"http:\/\/grzegorznieradka.pl\/index.php\/wp-json\/wp\/v2\/users\/2"}],"replies":[{"embeddable":true,"href":"http:\/\/grzegorznieradka.pl\/index.php\/wp-json\/wp\/v2\/comments?post=3358"}],"version-history":[{"count":2,"href":"http:\/\/grzegorznieradka.pl\/index.php\/wp-json\/wp\/v2\/posts\/3358\/revisions"}],"predecessor-version":[{"id":3362,"href":"http:\/\/grzegorznieradka.pl\/index.php\/wp-json\/wp\/v2\/posts\/3358\/revisions\/3362"}],"wp:featuredmedia":[{"embeddable":true,"href":"http:\/\/grzegorznieradka.pl\/index.php\/wp-json\/wp\/v2\/media\/3360"}],"wp:attachment":[{"href":"http:\/\/grzegorznieradka.pl\/index.php\/wp-json\/wp\/v2\/media?parent=3358"}],"wp:term":[{"taxonomy":"category","embeddable":true,"href":"http:\/\/grzegorznieradka.pl\/index.php\/wp-json\/wp\/v2\/categories?post=3358"},{"taxonomy":"post_tag","embeddable":true,"href":"http:\/\/grzegorznieradka.pl\/index.php\/wp-json\/wp\/v2\/tags?post=3358"}],"curies":[{"name":"wp","href":"https:\/\/api.w.org\/{rel}","templated":true}]}}