{"id":3428,"date":"2024-04-04T19:11:41","date_gmt":"2024-04-04T17:11:41","guid":{"rendered":"http:\/\/grzegorznieradka.pl\/?p=3428"},"modified":"2024-04-04T19:11:43","modified_gmt":"2024-04-04T17:11:43","slug":"ruszamy-z-budowa-drogi-i-chodnika-na-nawsiu-w-lubatowej","status":"publish","type":"post","link":"http:\/\/grzegorznieradka.pl\/index.php\/2024\/04\/04\/ruszamy-z-budowa-drogi-i-chodnika-na-nawsiu-w-lubatowej\/","title":{"rendered":"Ruszamy z budow\u0105 drogi i chodnika na Nawsiu w Lubatowej!"},"content":{"rendered":"\n<p class=\"has-medium-font-size\">Dotrzymujemy s\u0142owa<img decoding=\"async\" style=\"width: 22px;\" src=\"https:\/\/static.xx.fbcdn.net\/images\/emoji.php\/v9\/t77\/1\/16\/203c.png\" alt=\"\u203c\ufe0f\"> Przebudowa 700 metrowego odcinka poszerzonej drogi powiatowej <img decoding=\"async\" style=\"width: 22px;\" src=\"https:\/\/static.xx.fbcdn.net\/images\/emoji.php\/v9\/t3c\/1\/16\/1f6e3.png\" alt=\"\ud83d\udee3\ufe0f\"> wraz z budow\u0105 chodnika na Nawsiu w Lubatowej staje si\u0119 faktem! Wczoraj razem ze starost\u0105 kro\u015bnie\u0144skim <img decoding=\"async\" style=\"width: 22px;\" src=\"https:\/\/static.xx.fbcdn.net\/images\/emoji.php\/v9\/t64\/1\/16\/1f91d.png\" alt=\"\ud83e\udd1d\"> przekazali\u015bmy plac budowy firmie, kt\u00f3ra wygra\u0142a przetarg <img decoding=\"async\" style=\"width: 22px;\" src=\"https:\/\/static.xx.fbcdn.net\/images\/emoji.php\/v9\/tde\/1\/16\/1f3d7.png\" alt=\"\ud83c\udfd7\ufe0f\"> <img decoding=\"async\" style=\"width: 22px;\" src=\"https:\/\/static.xx.fbcdn.net\/images\/emoji.php\/v9\/tc4\/1\/16\/1f6a7.png\" alt=\"\ud83d\udea7\"> Prace ruszaj\u0105! To wynik doskona\u0142ej wsp\u00f3\u0142pracy radnych powiatowych z zarz\u0105dem powiatu oraz radnymi PiS Gminy Iwonicz-Zdr\u00f3j <img decoding=\"async\" style=\"width: 22px;\" src=\"https:\/\/static.xx.fbcdn.net\/images\/emoji.php\/v9\/t64\/1\/16\/1f91d.png\" alt=\"\ud83e\udd1d\"> <img decoding=\"async\" style=\"width: 22px;\" src=\"https:\/\/static.xx.fbcdn.net\/images\/emoji.php\/v9\/te0\/1\/16\/1f1f5_1f1f1.png\" alt=\"\ud83c\uddf5\ud83c\uddf1\"><\/p>\n","protected":false},"excerpt":{"rendered":"<p>Dotrzymujemy s\u0142owa Przebudowa 700 metrowego odcinka poszerzonej drogi powiatowej wraz z budow\u0105 chodnika na Nawsiu w Lubatowej staje si\u0119 faktem! &#8230;<\/p>\n","protected":false},"author":2,"featured_media":3429,"comment_status":"closed","ping_status":"open","sticky":false,"template":"","format":"standard","meta":[],"categories":[1],"tags":[41,518,451,271,500],"_links":{"self":[{"href":"http:\/\/grzegorznieradka.pl\/index.php\/wp-json\/wp\/v2\/posts\/3428"}],"collection":[{"href":"http:\/\/grzegorznieradka.pl\/index.php\/wp-json\/wp\/v2\/posts"}],"about":[{"href":"http:\/\/grzegorznieradka.pl\/index.php\/wp-json\/wp\/v2\/types\/post"}],"author":[{"embeddable":true,"href":"http:\/\/grzegorznieradka.pl\/index.php\/wp-json\/wp\/v2\/users\/2"}],"replies":[{"embeddable":true,"href":"http:\/\/grzegorznieradka.pl\/index.php\/wp-json\/wp\/v2\/comments?post=3428"}],"version-history":[{"count":1,"href":"http:\/\/grzegorznieradka.pl\/index.php\/wp-json\/wp\/v2\/posts\/3428\/revisions"}],"predecessor-version":[{"id":3430,"href":"http:\/\/grzegorznieradka.pl\/index.php\/wp-json\/wp\/v2\/posts\/3428\/revisions\/3430"}],"wp:featuredmedia":[{"embeddable":true,"href":"http:\/\/grzegorznieradka.pl\/index.php\/wp-json\/wp\/v2\/media\/3429"}],"wp:attachment":[{"href":"http:\/\/grzegorznieradka.pl\/index.php\/wp-json\/wp\/v2\/media?parent=3428"}],"wp:term":[{"taxonomy":"category","embeddable":true,"href":"http:\/\/grzegorznieradka.pl\/index.php\/wp-json\/wp\/v2\/categories?post=3428"},{"taxonomy":"post_tag","embeddable":true,"href":"http:\/\/grzegorznieradka.pl\/index.php\/wp-json\/wp\/v2\/tags?post=3428"}],"curies":[{"name":"wp","href":"https:\/\/api.w.org\/{rel}","templated":true}]}}