{"id":3494,"date":"2024-05-01T14:22:00","date_gmt":"2024-05-01T12:22:00","guid":{"rendered":"http:\/\/grzegorznieradka.pl\/?p=3494"},"modified":"2024-05-01T15:00:15","modified_gmt":"2024-05-01T13:00:15","slug":"kolejny-krok-w-realizacji-naszego-programu","status":"publish","type":"post","link":"http:\/\/grzegorznieradka.pl\/index.php\/2024\/05\/01\/kolejny-krok-w-realizacji-naszego-programu\/","title":{"rendered":"Kolejny krok w realizacji naszego programu!"},"content":{"rendered":"\n<p class=\"has-medium-font-size\"><img decoding=\"async\" style=\"width: 22px;\" src=\"https:\/\/static.xx.fbcdn.net\/images\/emoji.php\/v9\/t33\/1\/16\/2705.png\" alt=\"\u2705\"> Czysta gmina o ka\u017cdej porze roku &#8211; tak brzmi jeden z punkt\u00f3w naszego Programu <img decoding=\"async\" style=\"width: 22px;\" src=\"https:\/\/static.xx.fbcdn.net\/images\/emoji.php\/v9\/t6c\/1\/16\/1f4aa.png\" alt=\"\ud83d\udcaa\"> Porz\u0105dki rozpocz\u0119li\u015bmy od So\u0142ectwa Lubatowa <img decoding=\"async\" loading=\"lazy\" width=\"16\" height=\"16\" src=\"https:\/\/static.xx.fbcdn.net\/images\/emoji.php\/v9\/t94\/1\/16\/1f49a.png\" alt=\"\ud83d\udc9a\"> dlatego bardzo dzi\u0119kuj\u0119 Pani So\u0142tys Marii Parylak za zorganizowanie 2-dniowej akcji sprz\u0105tania miejscowo\u015bci <img decoding=\"async\" style=\"width: 22px;\" src=\"https:\/\/static.xx.fbcdn.net\/images\/emoji.php\/v9\/tf8\/1\/16\/267b.png\" alt=\"\u267b\ufe0f\"> W sumie w przedsi\u0119wzi\u0119ciu udzia\u0142 wzi\u0119\u0142o kilkadziesi\u0105t os\u00f3b, w tym uczniowie Szko\u0142y Podstawowej im. Jana Paw\u0142a II w Lubatowej, harcerze 11 Dru\u017cyny Harcerskiej &#8221;Inachis&#8221; im. ks. Edwarda Kwa\u015bnika w Lubatowej, cz\u0142onkowie Towarzystwa Mi\u0142o\u015bnik\u00f3w Lubatowej, druhowie Ochotniczej Stra\u017cy Po\u017carnej w Lubatowej i mieszka\u0144cy! \ud83d\udc9a Dzi\u0119kujemy! \ud83d\udc9a <img decoding=\"async\" loading=\"lazy\" width=\"16\" height=\"16\" src=\"https:\/\/static.xx.fbcdn.net\/images\/emoji.php\/v9\/t94\/1\/16\/1f49a.png\" alt=\"\ud83d\udc9a\"><\/p>\n","protected":false},"excerpt":{"rendered":"<p>Czysta gmina o ka\u017cdej porze roku &#8211; tak brzmi jeden z punkt\u00f3w naszego Programu Porz\u0105dki rozpocz\u0119li\u015bmy od So\u0142ectwa Lubatowa dlatego &#8230;<\/p>\n","protected":false},"author":2,"featured_media":3495,"comment_status":"closed","ping_status":"open","sticky":false,"template":"","format":"standard","meta":[],"categories":[1],"tags":[555,41,259,113,451,468,500],"_links":{"self":[{"href":"http:\/\/grzegorznieradka.pl\/index.php\/wp-json\/wp\/v2\/posts\/3494"}],"collection":[{"href":"http:\/\/grzegorznieradka.pl\/index.php\/wp-json\/wp\/v2\/posts"}],"about":[{"href":"http:\/\/grzegorznieradka.pl\/index.php\/wp-json\/wp\/v2\/types\/post"}],"author":[{"embeddable":true,"href":"http:\/\/grzegorznieradka.pl\/index.php\/wp-json\/wp\/v2\/users\/2"}],"replies":[{"embeddable":true,"href":"http:\/\/grzegorznieradka.pl\/index.php\/wp-json\/wp\/v2\/comments?post=3494"}],"version-history":[{"count":2,"href":"http:\/\/grzegorznieradka.pl\/index.php\/wp-json\/wp\/v2\/posts\/3494\/revisions"}],"predecessor-version":[{"id":3497,"href":"http:\/\/grzegorznieradka.pl\/index.php\/wp-json\/wp\/v2\/posts\/3494\/revisions\/3497"}],"wp:featuredmedia":[{"embeddable":true,"href":"http:\/\/grzegorznieradka.pl\/index.php\/wp-json\/wp\/v2\/media\/3495"}],"wp:attachment":[{"href":"http:\/\/grzegorznieradka.pl\/index.php\/wp-json\/wp\/v2\/media?parent=3494"}],"wp:term":[{"taxonomy":"category","embeddable":true,"href":"http:\/\/grzegorznieradka.pl\/index.php\/wp-json\/wp\/v2\/categories?post=3494"},{"taxonomy":"post_tag","embeddable":true,"href":"http:\/\/grzegorznieradka.pl\/index.php\/wp-json\/wp\/v2\/tags?post=3494"}],"curies":[{"name":"wp","href":"https:\/\/api.w.org\/{rel}","templated":true}]}}