{"id":129,"count":1,"description":"","link":"http:\/\/grzegorznieradka.pl\/index.php\/tag\/jaroslaw-kaczynski-na-jasnej-gorze\/","name":"Jaros\u0142aw Kaczy\u0144ski na Jasnej G\u00f3rze","slug":"jaroslaw-kaczynski-na-jasnej-gorze","taxonomy":"post_tag","meta":[],"_links":{"self":[{"href":"http:\/\/grzegorznieradka.pl\/index.php\/wp-json\/wp\/v2\/tags\/129"}],"collection":[{"href":"http:\/\/grzegorznieradka.pl\/index.php\/wp-json\/wp\/v2\/tags"}],"about":[{"href":"http:\/\/grzegorznieradka.pl\/index.php\/wp-json\/wp\/v2\/taxonomies\/post_tag"}],"wp:post_type":[{"href":"http:\/\/grzegorznieradka.pl\/index.php\/wp-json\/wp\/v2\/posts?tags=129"}],"curies":[{"name":"wp","href":"https:\/\/api.w.org\/{rel}","templated":true}]}}