{"id":173,"count":1,"description":"","link":"http:\/\/grzegorznieradka.pl\/index.php\/tag\/radny-grzegorz-nieradka-przeznaczyl-diete-na-zakup-ksiazek-dla-biblioteki\/","name":"Radny Grzegorz Nieradka przeznaczy\u0142 diet\u0119 na zakup ksi\u0105\u017cek dla biblioteki","slug":"radny-grzegorz-nieradka-przeznaczyl-diete-na-zakup-ksiazek-dla-biblioteki","taxonomy":"post_tag","meta":[],"_links":{"self":[{"href":"http:\/\/grzegorznieradka.pl\/index.php\/wp-json\/wp\/v2\/tags\/173"}],"collection":[{"href":"http:\/\/grzegorznieradka.pl\/index.php\/wp-json\/wp\/v2\/tags"}],"about":[{"href":"http:\/\/grzegorznieradka.pl\/index.php\/wp-json\/wp\/v2\/taxonomies\/post_tag"}],"wp:post_type":[{"href":"http:\/\/grzegorznieradka.pl\/index.php\/wp-json\/wp\/v2\/posts?tags=173"}],"curies":[{"name":"wp","href":"https:\/\/api.w.org\/{rel}","templated":true}]}}