{"id":186,"count":1,"description":"","link":"http:\/\/grzegorznieradka.pl\/index.php\/tag\/andrzej-duda-zlozyl-przysiege-i-objal-urzad-prezydenta-rzeczypospolitej-polskiej\/","name":"Andrzej Duda z\u0142o\u017cy\u0142 przysi\u0119g\u0119 i obj\u0105\u0142 urz\u0105d Prezydenta Rzeczypospolitej Polskiej","slug":"andrzej-duda-zlozyl-przysiege-i-objal-urzad-prezydenta-rzeczypospolitej-polskiej","taxonomy":"post_tag","meta":[],"_links":{"self":[{"href":"http:\/\/grzegorznieradka.pl\/index.php\/wp-json\/wp\/v2\/tags\/186"}],"collection":[{"href":"http:\/\/grzegorznieradka.pl\/index.php\/wp-json\/wp\/v2\/tags"}],"about":[{"href":"http:\/\/grzegorznieradka.pl\/index.php\/wp-json\/wp\/v2\/taxonomies\/post_tag"}],"wp:post_type":[{"href":"http:\/\/grzegorznieradka.pl\/index.php\/wp-json\/wp\/v2\/posts?tags=186"}],"curies":[{"name":"wp","href":"https:\/\/api.w.org\/{rel}","templated":true}]}}