{"id":245,"count":1,"description":"","link":"http:\/\/grzegorznieradka.pl\/index.php\/tag\/grzegorz-nieradka-przyjal-propozycje-pracy-w-kancelarii-sejmu-rp\/","name":"Grzegorz Nieradka przyj\u0105\u0142 propozycj\u0119 pracy w Kancelarii Sejmu RP","slug":"grzegorz-nieradka-przyjal-propozycje-pracy-w-kancelarii-sejmu-rp","taxonomy":"post_tag","meta":[],"_links":{"self":[{"href":"http:\/\/grzegorznieradka.pl\/index.php\/wp-json\/wp\/v2\/tags\/245"}],"collection":[{"href":"http:\/\/grzegorznieradka.pl\/index.php\/wp-json\/wp\/v2\/tags"}],"about":[{"href":"http:\/\/grzegorznieradka.pl\/index.php\/wp-json\/wp\/v2\/taxonomies\/post_tag"}],"wp:post_type":[{"href":"http:\/\/grzegorznieradka.pl\/index.php\/wp-json\/wp\/v2\/posts?tags=245"}],"curies":[{"name":"wp","href":"https:\/\/api.w.org\/{rel}","templated":true}]}}