{"id":85,"count":1,"description":"","link":"http:\/\/grzegorznieradka.pl\/index.php\/tag\/uroczystosci-w-66-rocznice-urodzin-prezydenta-lecha-kaczynskiego-w-krakowie\/","name":"Uroczysto\u015bci w 66. rocznic\u0119 urodzin Prezydenta Lecha Kaczy\u0144skiego w Krakowie","slug":"uroczystosci-w-66-rocznice-urodzin-prezydenta-lecha-kaczynskiego-w-krakowie","taxonomy":"post_tag","meta":[],"_links":{"self":[{"href":"http:\/\/grzegorznieradka.pl\/index.php\/wp-json\/wp\/v2\/tags\/85"}],"collection":[{"href":"http:\/\/grzegorznieradka.pl\/index.php\/wp-json\/wp\/v2\/tags"}],"about":[{"href":"http:\/\/grzegorznieradka.pl\/index.php\/wp-json\/wp\/v2\/taxonomies\/post_tag"}],"wp:post_type":[{"href":"http:\/\/grzegorznieradka.pl\/index.php\/wp-json\/wp\/v2\/posts?tags=85"}],"curies":[{"name":"wp","href":"https:\/\/api.w.org\/{rel}","templated":true}]}}