{"id":1441,"date":"2015-08-04T01:35:50","date_gmt":"2015-08-03T23:35:50","guid":{"rendered":"http:\/\/grzegorznieradka.pl\/?p=1441"},"modified":"2015-08-04T01:51:18","modified_gmt":"2015-08-03T23:51:18","slug":"koncertem-fortecy-krosno-uczcilo-pamiec-bohaterow-powstania-warszawskiego","status":"publish","type":"post","link":"https:\/\/grzegorznieradka.pl\/index.php\/2015\/08\/04\/koncertem-fortecy-krosno-uczcilo-pamiec-bohaterow-powstania-warszawskiego\/","title":{"rendered":"Koncertem \u201eFortecy\u201d Krosno uczci\u0142o pami\u0119\u0107 Bohater\u00f3w Powstania Warszawskiego"},"content":{"rendered":"<p style=\"text-align: justify;\"><strong>Na zaproszenie Pos\u0142a na Sejm Rzeczypospolitej Polskiej, Pana Piotra Babinetza, w Kro\u015bnie wyst\u0105pi\u0142 \u00a0Zesp\u00f3\u0142 Historyczno-Patriotyczny \u201eForteca\u201d. <\/strong><\/p>\n<p style=\"text-align: justify;\">Koncert \u201eFortecy\u201d rozpocz\u0105\u0142 si\u0119 tu\u017c przed godzin\u0105 20.00 w niedziel\u0119, 2 sierpnia br. Na p\u0142yt\u0119 kro\u015bnie\u0144skiego rynku przyby\u0142o kilkaset os\u00f3b, kt\u00f3rych znaczna cz\u0119\u015b\u0107 ju\u017c od wczesnych godzin popo\u0142udniowych uczestniczy\u0142a w niedzielnym festynie zorganizowanym przez Akcj\u0119 Katolick\u0105 Archiprezbiteratu Kro\u015bnie\u0144skiego. Na wieczorny koncert przyby\u0142a dodatkowo liczna grupa m\u0142odzie\u017cy. M\u0142odzi ludzie, fani Zespo\u0142u \u201eForteca\u201d, mieli na sobie koszulki z motywami patriotycznymi nawi\u0105zuj\u0105cymi do Powstania Warszawskiego i \u017bo\u0142nierzy Wykl\u0119tych. Kilka os\u00f3b przysz\u0142o z bia\u0142o-czerwon\u0105 flag\u0105, aby zamanifestowa\u0107 przywi\u0105zanie do Ojczyny i odda\u0107 ho\u0142d Bohaterom poleg\u0142ym w jej obronie.<\/p>\n<p style=\"text-align: justify;\">Zesp\u00f3\u0142 wykona\u0142 szereg utwor\u00f3w patriotycznych. Nie zabrak\u0142o tak znanych piosenek jak \u201e\u017bo\u0142nierze Wykl\u0119ci \u2013 Niez\u0142omni \u017bo\u0142nierze\u201d, \u201eRozko\u0142ysa\u0142y si\u0119 wierzby p\u0142acz\u0105ce\u201d, \u201eCzerwone Jabuszko\u201d, \u201eOchotnik\u201d, \u201eOrl\u0105tko\u201d i wiele innych. Na koniec w rockowym brzmieniu wykonano \u201eSzar\u0105 Piechot\u0119\u201d. Bogat\u0105 fotorelacj\u0119 z koncertu zamieszczamy poni\u017cej.<\/p>\n<figure id=\"attachment_1443\" aria-describedby=\"caption-attachment-1443\" style=\"width: 1000px\" class=\"wp-caption alignnone\"><a href=\"http:\/\/grzegorznieradka.pl\/wp-content\/uploads\/2015\/08\/2.jpg\"><img decoding=\"async\" loading=\"lazy\" class=\"size-full wp-image-1443\" src=\"http:\/\/grzegorznieradka.pl\/wp-content\/uploads\/2015\/08\/2.jpg\" alt=\"OLYMPUS DIGITAL CAMERA\" width=\"1000\" height=\"750\" srcset=\"https:\/\/grzegorznieradka.pl\/wp-content\/uploads\/2015\/08\/2.jpg 1000w, https:\/\/grzegorznieradka.pl\/wp-content\/uploads\/2015\/08\/2-300x225.jpg 300w\" sizes=\"(max-width: 1000px) 100vw, 1000px\" \/><\/a><figcaption id=\"caption-attachment-1443\" class=\"wp-caption-text\"><strong>Koncert Zespo\u0142u &#8222;Forteca&#8221; na rynku w Kro\u015bnie<\/strong><\/figcaption><\/figure>\n<figure id=\"attachment_1444\" aria-describedby=\"caption-attachment-1444\" style=\"width: 1000px\" class=\"wp-caption alignnone\"><a href=\"http:\/\/grzegorznieradka.pl\/wp-content\/uploads\/2015\/08\/4.jpg\"><img decoding=\"async\" loading=\"lazy\" class=\"size-full wp-image-1444\" src=\"http:\/\/grzegorznieradka.pl\/wp-content\/uploads\/2015\/08\/4.jpg\" alt=\"OLYMPUS DIGITAL CAMERA\" width=\"1000\" height=\"750\" srcset=\"https:\/\/grzegorznieradka.pl\/wp-content\/uploads\/2015\/08\/4.jpg 1000w, https:\/\/grzegorznieradka.pl\/wp-content\/uploads\/2015\/08\/4-300x225.jpg 300w\" sizes=\"(max-width: 1000px) 100vw, 1000px\" \/><\/a><figcaption id=\"caption-attachment-1444\" class=\"wp-caption-text\"><strong>M\u0142odzi fani Zespo\u0142u &#8222;Forteca&#8221; podczas koncertu w Kro\u015bnie<\/strong><\/figcaption><\/figure>\n<figure id=\"attachment_1445\" aria-describedby=\"caption-attachment-1445\" style=\"width: 1000px\" class=\"wp-caption alignnone\"><a href=\"http:\/\/grzegorznieradka.pl\/wp-content\/uploads\/2015\/08\/3.jpg\"><img decoding=\"async\" loading=\"lazy\" class=\"size-full wp-image-1445\" src=\"http:\/\/grzegorznieradka.pl\/wp-content\/uploads\/2015\/08\/3.jpg\" alt=\"OLYMPUS DIGITAL CAMERA\" width=\"1000\" height=\"750\" srcset=\"https:\/\/grzegorznieradka.pl\/wp-content\/uploads\/2015\/08\/3.jpg 1000w, https:\/\/grzegorznieradka.pl\/wp-content\/uploads\/2015\/08\/3-300x225.jpg 300w\" sizes=\"(max-width: 1000px) 100vw, 1000px\" \/><\/a><figcaption id=\"caption-attachment-1445\" class=\"wp-caption-text\"><strong>Licznie zebrana publiczno\u015b\u0107 na chwil\u0119 przed koncertem &#8222;Fortecy&#8221;<\/strong><\/figcaption><\/figure>\n<figure id=\"attachment_1446\" aria-describedby=\"caption-attachment-1446\" style=\"width: 1000px\" class=\"wp-caption alignnone\"><a href=\"http:\/\/grzegorznieradka.pl\/wp-content\/uploads\/2015\/08\/5.jpg\"><img decoding=\"async\" loading=\"lazy\" class=\"size-full wp-image-1446\" src=\"http:\/\/grzegorznieradka.pl\/wp-content\/uploads\/2015\/08\/5.jpg\" alt=\"OLYMPUS DIGITAL CAMERA\" width=\"1000\" height=\"750\" srcset=\"https:\/\/grzegorznieradka.pl\/wp-content\/uploads\/2015\/08\/5.jpg 1000w, https:\/\/grzegorznieradka.pl\/wp-content\/uploads\/2015\/08\/5-300x225.jpg 300w\" sizes=\"(max-width: 1000px) 100vw, 1000px\" \/><\/a><figcaption id=\"caption-attachment-1446\" class=\"wp-caption-text\"><strong>Koncert Zespo\u0142u &#8222;Forteca&#8221; na rynku w Kro\u015bnie<\/strong><\/figcaption><\/figure>\n<figure id=\"attachment_1447\" aria-describedby=\"caption-attachment-1447\" style=\"width: 1000px\" class=\"wp-caption alignnone\"><a href=\"http:\/\/grzegorznieradka.pl\/wp-content\/uploads\/2015\/08\/6.jpg\"><img decoding=\"async\" loading=\"lazy\" class=\"size-full wp-image-1447\" src=\"http:\/\/grzegorznieradka.pl\/wp-content\/uploads\/2015\/08\/6.jpg\" alt=\"OLYMPUS DIGITAL CAMERA\" width=\"1000\" height=\"750\" srcset=\"https:\/\/grzegorznieradka.pl\/wp-content\/uploads\/2015\/08\/6.jpg 1000w, https:\/\/grzegorznieradka.pl\/wp-content\/uploads\/2015\/08\/6-300x225.jpg 300w\" sizes=\"(max-width: 1000px) 100vw, 1000px\" \/><\/a><figcaption id=\"caption-attachment-1447\" class=\"wp-caption-text\"><strong>Radny Grzegorz Nieradka i Pose\u0142 Piotr Babinetz na chwil\u0119 przed koncertem &#8222;Fortecy&#8221; na kro\u015bnie\u0144skim rynku<\/strong><\/figcaption><\/figure>\n<figure id=\"attachment_1448\" aria-describedby=\"caption-attachment-1448\" style=\"width: 1000px\" class=\"wp-caption alignnone\"><a href=\"http:\/\/grzegorznieradka.pl\/wp-content\/uploads\/2015\/08\/7.jpg\"><img decoding=\"async\" loading=\"lazy\" class=\"size-full wp-image-1448\" src=\"http:\/\/grzegorznieradka.pl\/wp-content\/uploads\/2015\/08\/7.jpg\" alt=\"OLYMPUS DIGITAL CAMERA\" width=\"1000\" height=\"750\" srcset=\"https:\/\/grzegorznieradka.pl\/wp-content\/uploads\/2015\/08\/7.jpg 1000w, https:\/\/grzegorznieradka.pl\/wp-content\/uploads\/2015\/08\/7-300x225.jpg 300w\" sizes=\"(max-width: 1000px) 100vw, 1000px\" \/><\/a><figcaption id=\"caption-attachment-1448\" class=\"wp-caption-text\"><strong>M\u0142odzi fani Zespo\u0142u &#8222;Forteca&#8221; z bia\u0142o-czerwon\u0105 flag\u0105<\/strong><\/figcaption><\/figure>\n<figure id=\"attachment_1449\" aria-describedby=\"caption-attachment-1449\" style=\"width: 1000px\" class=\"wp-caption alignnone\"><a href=\"http:\/\/grzegorznieradka.pl\/wp-content\/uploads\/2015\/08\/8.jpg\"><img decoding=\"async\" loading=\"lazy\" class=\"size-full wp-image-1449\" src=\"http:\/\/grzegorznieradka.pl\/wp-content\/uploads\/2015\/08\/8.jpg\" alt=\"OLYMPUS DIGITAL CAMERA\" width=\"1000\" height=\"750\" srcset=\"https:\/\/grzegorznieradka.pl\/wp-content\/uploads\/2015\/08\/8.jpg 1000w, https:\/\/grzegorznieradka.pl\/wp-content\/uploads\/2015\/08\/8-300x225.jpg 300w\" sizes=\"(max-width: 1000px) 100vw, 1000px\" \/><\/a><figcaption id=\"caption-attachment-1449\" class=\"wp-caption-text\"><strong>Pose\u0142 Piotr Babinetz z przedstawicielami grupy rekonstrukcyjnej, kt\u00f3rzy pe\u0142nili wart\u0119 honorow\u0105 podczas koncertu &#8222;Fortecy&#8221;<\/strong><\/figcaption><\/figure>\n<figure id=\"attachment_1450\" aria-describedby=\"caption-attachment-1450\" style=\"width: 1000px\" class=\"wp-caption alignnone\"><a href=\"http:\/\/grzegorznieradka.pl\/wp-content\/uploads\/2015\/08\/9.jpg\"><img decoding=\"async\" loading=\"lazy\" class=\"size-full wp-image-1450\" src=\"http:\/\/grzegorznieradka.pl\/wp-content\/uploads\/2015\/08\/9.jpg\" alt=\"OLYMPUS DIGITAL CAMERA\" width=\"1000\" height=\"750\" srcset=\"https:\/\/grzegorznieradka.pl\/wp-content\/uploads\/2015\/08\/9.jpg 1000w, https:\/\/grzegorznieradka.pl\/wp-content\/uploads\/2015\/08\/9-300x225.jpg 300w\" sizes=\"(max-width: 1000px) 100vw, 1000px\" \/><\/a><figcaption id=\"caption-attachment-1450\" class=\"wp-caption-text\"><strong>P\u0142yty Zespo\u0142u Historyczno-Patriotycznego &#8222;Forteca&#8221; mo\u017cna by\u0142o naby\u0107 po zako\u0144czeniu koncertu<\/strong><\/figcaption><\/figure>\n","protected":false},"excerpt":{"rendered":"<p>Na zaproszenie Pos\u0142a na Sejm Rzeczypospolitej Polskiej, Pana Piotra Babinetza, w Kro\u015bnie wyst\u0105pi\u0142 \u00a0Zesp\u00f3\u0142 Historyczno-Patriotyczny \u201eForteca\u201d. Koncert \u201eFortecy\u201d rozpocz\u0105\u0142 si\u0119 &#8230;<\/p>\n","protected":false},"author":1,"featured_media":1442,"comment_status":"open","ping_status":"open","sticky":false,"template":"","format":"standard","meta":[],"categories":[72,71],"tags":[180,179,163,182,181],"_links":{"self":[{"href":"https:\/\/grzegorznieradka.pl\/index.php\/wp-json\/wp\/v2\/posts\/1441"}],"collection":[{"href":"https:\/\/grzegorznieradka.pl\/index.php\/wp-json\/wp\/v2\/posts"}],"about":[{"href":"https:\/\/grzegorznieradka.pl\/index.php\/wp-json\/wp\/v2\/types\/post"}],"author":[{"embeddable":true,"href":"https:\/\/grzegorznieradka.pl\/index.php\/wp-json\/wp\/v2\/users\/1"}],"replies":[{"embeddable":true,"href":"https:\/\/grzegorznieradka.pl\/index.php\/wp-json\/wp\/v2\/comments?post=1441"}],"version-history":[{"count":8,"href":"https:\/\/grzegorznieradka.pl\/index.php\/wp-json\/wp\/v2\/posts\/1441\/revisions"}],"predecessor-version":[{"id":1458,"href":"https:\/\/grzegorznieradka.pl\/index.php\/wp-json\/wp\/v2\/posts\/1441\/revisions\/1458"}],"wp:featuredmedia":[{"embeddable":true,"href":"https:\/\/grzegorznieradka.pl\/index.php\/wp-json\/wp\/v2\/media\/1442"}],"wp:attachment":[{"href":"https:\/\/grzegorznieradka.pl\/index.php\/wp-json\/wp\/v2\/media?parent=1441"}],"wp:term":[{"taxonomy":"category","embeddable":true,"href":"https:\/\/grzegorznieradka.pl\/index.php\/wp-json\/wp\/v2\/categories?post=1441"},{"taxonomy":"post_tag","embeddable":true,"href":"https:\/\/grzegorznieradka.pl\/index.php\/wp-json\/wp\/v2\/tags?post=1441"}],"curies":[{"name":"wp","href":"https:\/\/api.w.org\/{rel}","templated":true}]}}