{"id":1525,"date":"2015-08-16T21:15:08","date_gmt":"2015-08-16T19:15:08","guid":{"rendered":"http:\/\/grzegorznieradka.pl\/?p=1525"},"modified":"2015-08-16T21:15:08","modified_gmt":"2015-08-16T19:15:08","slug":"mamy-zwyciezce-rozstrzygniecie-wakacyjnej-zabawy","status":"publish","type":"post","link":"https:\/\/grzegorznieradka.pl\/index.php\/2015\/08\/16\/mamy-zwyciezce-rozstrzygniecie-wakacyjnej-zabawy\/","title":{"rendered":"Mamy zwyci\u0119zc\u0119! Rozstrzygni\u0119cie wakacyjnej zabawy"},"content":{"rendered":"<p style=\"text-align: justify;\">Szanowni Pa\u0144stwo! Z wielk\u0105 i nieukrywan\u0105 rado\u015bci\u0105 pragniemy poinformowa\u0107, \u017ce zwyci\u0119zc\u0105 w naszej wakacyjnej zabawie zosta\u0142a p. Sabina z Korczyny. Pani Sabina zosta\u0142a wylosowana spo\u015br\u00f3d os\u00f3b, kt\u00f3re udzieli\u0142y poprawnej odpowiedzi w og\u0142oszonej kilka dni temu na naszej stronie zabawie <a href=\"http:\/\/grzegorznieradka.pl\/index.php\/2015\/08\/12\/wakacyjna-zabawa\/\">ZOBACZ<\/a><\/p>\n<p style=\"text-align: justify;\">Poni\u017cej przedstawiamy poprawne odpowiedzi w konkursie:<\/p>\n<p style=\"text-align: justify;\">Zdj\u0119cia zosta\u0142y wykonane w O\u015brodku Wypoczynkowo-Rehabilitacyjnym Caritas Diecezji Rzeszowskiej w Myczkowcach w Centrum Kultury Ekumenicznej.<\/p>\n<p style=\"text-align: justify;\">Zdj\u0119cie nr 1. Ko\u015bci\u00f3\u0142 pw. Wszystkich \u015awi\u0119tych w Iwoniczu<\/p>\n<p style=\"text-align: justify;\">Zdj\u0119cie nr 2. Ko\u015bci\u00f3\u0142 pw. Wniebowzi\u0119cia Naj\u015bwi\u0119tszej Maryi Panny w Haczowie<\/p>\n<p style=\"text-align: justify;\">Zdj\u0119cie nr 3. Ko\u015bci\u00f3\u0142 pw. \u015aw. Iwona w Iwoniczu-Zdroju<\/p>\n<p style=\"text-align: justify;\">Zdj\u0119cie nr 4. Cerkiew \u015bw. Jura w Drohobyczu na Ukrainie<\/p>\n<p style=\"text-align: justify;\">Zwyci\u0119\u017cczyni otrzyma ksi\u0105\u017ck\u0119 Grzegorza Nieradki pt. \u201eJeden Iwonicz &#8211; cztery spojrzenia\u201d. Serdecznie gratulujemy!<\/p>\n","protected":false},"excerpt":{"rendered":"<p>Szanowni Pa\u0144stwo! Z wielk\u0105 i nieukrywan\u0105 rado\u015bci\u0105 pragniemy poinformowa\u0107, \u017ce zwyci\u0119zc\u0105 w naszej wakacyjnej zabawie zosta\u0142a p. Sabina z Korczyny. &#8230;<\/p>\n","protected":false},"author":1,"featured_media":1488,"comment_status":"open","ping_status":"open","sticky":false,"template":"","format":"standard","meta":[],"categories":[73,72,74],"tags":[191,39,199,138],"_links":{"self":[{"href":"https:\/\/grzegorznieradka.pl\/index.php\/wp-json\/wp\/v2\/posts\/1525"}],"collection":[{"href":"https:\/\/grzegorznieradka.pl\/index.php\/wp-json\/wp\/v2\/posts"}],"about":[{"href":"https:\/\/grzegorznieradka.pl\/index.php\/wp-json\/wp\/v2\/types\/post"}],"author":[{"embeddable":true,"href":"https:\/\/grzegorznieradka.pl\/index.php\/wp-json\/wp\/v2\/users\/1"}],"replies":[{"embeddable":true,"href":"https:\/\/grzegorznieradka.pl\/index.php\/wp-json\/wp\/v2\/comments?post=1525"}],"version-history":[{"count":1,"href":"https:\/\/grzegorznieradka.pl\/index.php\/wp-json\/wp\/v2\/posts\/1525\/revisions"}],"predecessor-version":[{"id":1526,"href":"https:\/\/grzegorznieradka.pl\/index.php\/wp-json\/wp\/v2\/posts\/1525\/revisions\/1526"}],"wp:featuredmedia":[{"embeddable":true,"href":"https:\/\/grzegorznieradka.pl\/index.php\/wp-json\/wp\/v2\/media\/1488"}],"wp:attachment":[{"href":"https:\/\/grzegorznieradka.pl\/index.php\/wp-json\/wp\/v2\/media?parent=1525"}],"wp:term":[{"taxonomy":"category","embeddable":true,"href":"https:\/\/grzegorznieradka.pl\/index.php\/wp-json\/wp\/v2\/categories?post=1525"},{"taxonomy":"post_tag","embeddable":true,"href":"https:\/\/grzegorznieradka.pl\/index.php\/wp-json\/wp\/v2\/tags?post=1525"}],"curies":[{"name":"wp","href":"https:\/\/api.w.org\/{rel}","templated":true}]}}