{"id":1940,"date":"2016-10-15T12:13:25","date_gmt":"2016-10-15T10:13:25","guid":{"rendered":"http:\/\/grzegorznieradka.pl\/?p=1940"},"modified":"2016-10-15T12:14:47","modified_gmt":"2016-10-15T10:14:47","slug":"grzegorz-nieradka-czlonkiem-komisji-rewizyjnej-rady-miejskiej-w-iwonicz-zdroju","status":"publish","type":"post","link":"https:\/\/grzegorznieradka.pl\/index.php\/2016\/10\/15\/grzegorz-nieradka-czlonkiem-komisji-rewizyjnej-rady-miejskiej-w-iwonicz-zdroju\/","title":{"rendered":"Grzegorz Nieradka cz\u0142onkiem Komisji Rewizyjnej Rady Miejskiej w Iwoniczu-Zdroju"},"content":{"rendered":"<p style=\"text-align: justify;\">Podczas obrad XXVIII Sesji Rady Miejskiej w Iwoniczu-Zdroju w dniu 12 wrze\u015bnia 2016 r. podj\u0119to uchwa\u0142\u0119 w sprawie zmiany uchwa\u0142y Nr III\/3\/2014 Rady Miejskiej w Iwoniczu-Zdroju z dnia 18 grudnia 2014 r. w sprawie powo\u0142ania Komisji Rewizyjnej Rady Miejskiej w Iwoniczu-Zdroju. Przewodnicz\u0105cy Rady odczyta\u0142 projekt uchwa\u0142y i poprosi\u0142 o zg\u0142aszanie kandydatur na cz\u0142onka Komisji Rewizyjnej.<\/p>\n<p style=\"text-align: justify;\">W imieniu Klubu Radych Prawa i Sprawiedliwo\u015bci Bogus\u0142aw Dmytrak zg\u0142osi\u0142 <strong>kandydatur\u0119 radnego Grzegorza Nieradki<\/strong>, kt\u00f3ry wyrazi\u0142 zgod\u0119 na kandydowanie otrzymuj\u0105c 8 g\u0142os\u00f3w. Na kontrkandydata zg\u0142oszono radnego Tomasza Klimkiewicza, kt\u00f3ry uzyska\u0142 6 g\u0142os\u00f3w. <strong>Uchwa\u0142a o powo\u0142aniu Grzegorza Nieradki w sk\u0142ad Komisji Rewizyjnej zosta\u0142a podj\u0119ta w g\u0142osowaniu: 9 radnych &#8222;za&#8221;, 5 radnych &#8222;wstrzyma\u0142o si\u0119&#8221;.\u00a0<\/strong><\/p>\n<p style=\"text-align: justify;\">W zwi\u0105zku z wyborem do Komisji Rewizyjnej radny Grzegorz Nieradka podzi\u0119kowa\u0142 na oddane g\u0142osy i zg\u0142osi\u0142 rezygnacj\u0119 z pracy w Komisji O\u015bwiaty, Kultury, Zdrowia i Kultury Fizycznej.<\/p>\n","protected":false},"excerpt":{"rendered":"<p>Podczas obrad XXVIII Sesji Rady Miejskiej w Iwoniczu-Zdroju w dniu 12 wrze\u015bnia 2016 r. podj\u0119to uchwa\u0142\u0119 w sprawie zmiany uchwa\u0142y &#8230;<\/p>\n","protected":false},"author":2,"featured_media":1941,"comment_status":"closed","ping_status":"open","sticky":false,"template":"","format":"standard","meta":[],"categories":[73,74],"tags":[39,308,95],"_links":{"self":[{"href":"https:\/\/grzegorznieradka.pl\/index.php\/wp-json\/wp\/v2\/posts\/1940"}],"collection":[{"href":"https:\/\/grzegorznieradka.pl\/index.php\/wp-json\/wp\/v2\/posts"}],"about":[{"href":"https:\/\/grzegorznieradka.pl\/index.php\/wp-json\/wp\/v2\/types\/post"}],"author":[{"embeddable":true,"href":"https:\/\/grzegorznieradka.pl\/index.php\/wp-json\/wp\/v2\/users\/2"}],"replies":[{"embeddable":true,"href":"https:\/\/grzegorznieradka.pl\/index.php\/wp-json\/wp\/v2\/comments?post=1940"}],"version-history":[{"count":2,"href":"https:\/\/grzegorznieradka.pl\/index.php\/wp-json\/wp\/v2\/posts\/1940\/revisions"}],"predecessor-version":[{"id":1943,"href":"https:\/\/grzegorznieradka.pl\/index.php\/wp-json\/wp\/v2\/posts\/1940\/revisions\/1943"}],"wp:featuredmedia":[{"embeddable":true,"href":"https:\/\/grzegorznieradka.pl\/index.php\/wp-json\/wp\/v2\/media\/1941"}],"wp:attachment":[{"href":"https:\/\/grzegorznieradka.pl\/index.php\/wp-json\/wp\/v2\/media?parent=1940"}],"wp:term":[{"taxonomy":"category","embeddable":true,"href":"https:\/\/grzegorznieradka.pl\/index.php\/wp-json\/wp\/v2\/categories?post=1940"},{"taxonomy":"post_tag","embeddable":true,"href":"https:\/\/grzegorznieradka.pl\/index.php\/wp-json\/wp\/v2\/tags?post=1940"}],"curies":[{"name":"wp","href":"https:\/\/api.w.org\/{rel}","templated":true}]}}