{"id":2184,"date":"2017-04-04T15:45:16","date_gmt":"2017-04-04T13:45:16","guid":{"rendered":"http:\/\/grzegorznieradka.pl\/?p=2184"},"modified":"2017-04-04T15:45:16","modified_gmt":"2017-04-04T13:45:16","slug":"ii-edycja-konkursu-warto-byc-polakiem-pod-patronatem-honorowym-podsekretarza-stanu-w-mon","status":"publish","type":"post","link":"https:\/\/grzegorznieradka.pl\/index.php\/2017\/04\/04\/ii-edycja-konkursu-warto-byc-polakiem-pod-patronatem-honorowym-podsekretarza-stanu-w-mon\/","title":{"rendered":"II edycja Konkursu &#8222;Warto by\u0107 Polakiem&#8221; pod Patronatem Honorowym Podsekretarza Stanu w MON"},"content":{"rendered":"<p style=\"text-align: justify;\"><strong>Dnia 10 lutego 2017 roku Przewodnicz\u0105cy Spo\u0142ecznego Komitetu Obchod\u00f3w VII rocznicy Tragedii Smole\u0144skiej w Iwoniczu-Zdroju Grzegorz Nieradka og\u0142osi\u0142 II edycj\u0119 Konkursu \u201eWarto by\u0107 Polakiem\u201d po\u015bwi\u0119conego pami\u0119ci Prezydenta RP, prof. Lecha Kaczy\u0144skiego. Na wniosek Organizatora, Podsekretarz Stanu w Ministerstwie Obrony Narodowej prof. dr hab. Wojciech Fa\u0142kowski, obj\u0105\u0142 Konkurs Patronatem Honorowym.\u00a0<\/strong><\/p>\n<p style=\"text-align: justify;\"><a href=\"http:\/\/grzegorznieradka.pl\/wp-content\/uploads\/2017\/04\/MON-Patronat-Honorowy.jpg\"><img decoding=\"async\" loading=\"lazy\" class=\"alignnone size-full wp-image-2185\" src=\"http:\/\/grzegorznieradka.pl\/wp-content\/uploads\/2017\/04\/MON-Patronat-Honorowy.jpg\" alt=\"MON Patronat Honorowy\" width=\"2456\" height=\"3484\" srcset=\"https:\/\/grzegorznieradka.pl\/wp-content\/uploads\/2017\/04\/MON-Patronat-Honorowy.jpg 2456w, https:\/\/grzegorznieradka.pl\/wp-content\/uploads\/2017\/04\/MON-Patronat-Honorowy-211x300.jpg 211w, https:\/\/grzegorznieradka.pl\/wp-content\/uploads\/2017\/04\/MON-Patronat-Honorowy-768x1089.jpg 768w, https:\/\/grzegorznieradka.pl\/wp-content\/uploads\/2017\/04\/MON-Patronat-Honorowy-722x1024.jpg 722w\" sizes=\"(max-width: 2456px) 100vw, 2456px\" \/><\/a><\/p>\n<p style=\"text-align: justify;\">Nagrody dla laureat\u00f3w zostan\u0105 przyznane w trzech kategoriach wiekowych odpowiadaj\u0105cych etapom kszta\u0142cenia: szko\u0142a podstawowa, gimnazjum, szko\u0142a \u015brednia. Nagrodzone zostan\u0105 trzy pierwsze miejsca w ka\u017cdej kategorii wiekowej z uwzgl\u0119dnieniem czterech form artystycznych: plakat, poezja, wypracowanie, prezentacja multimedialna. Formu\u0142a konkursu przewiduje tak\u017ce przygotowanie prac konkursowych w zespo\u0142ach.<\/p>\n<p style=\"text-align: justify;\">Temat II edycji konkursu to <strong>\u201e<\/strong><strong>Rola Prezydenta Lecha Kaczy\u0144skiego w budowaniu dumy narodowej\u201d<\/strong>. Zadaniem uczestnik\u00f3w konkursu b\u0119dzie przedstawienie w wybranej formie artystycznej interpretacji s\u0142\u00f3w Prezydenta Lecha Kaczy\u0144skiego: <em>\u201e<\/em><em>Mo\u017cemy by\u0107 dumni z naszej historii. S\u0105 w niej blaski i cienie, ale tych blask\u00f3w jest wystarczaj\u0105co du\u017co, aby zachowa\u0107 dum\u0119, aby wierzy\u0107 g\u0142\u0119boko w to, co jest oczywist\u0105 prawd\u0105 \u2013 \u017ce Polska ma prawo do znacz\u0105cej roli w europejskiej rodzinie narod\u00f3w.\u201d<\/em><\/p>\n<p style=\"text-align: justify;\">W 2016 roku w I edycji Konkursu \u201eWarto by\u0107 Polakiem\u201d udzia\u0142 wzi\u0119\u0142o 120 uczni\u00f3w z Podkarpacia, z czego a\u017c 52 osoby otrzyma\u0142y nagrody rzeczowe, a wszyscy uczestnicy pami\u0105tkowe, imienne dyplomy i s\u0142odycze.<\/p>\n<p style=\"text-align: justify;\">Podobnie jak rok temu, w ufundowanie nagr\u00f3d w konkursie w\u0142\u0105czy\u0142a si\u0119 Kancelaria Prezydenta RP Andrzeja Dudy, Instytut Pami\u0119ci Narodowej Oddzia\u0142 w Rzeszowie, Wydawnictwo Arcana oraz indywidualni sponsorzy. W tym roku do grona darczy\u0144c\u00f3w do\u0142\u0105czy\u0142 Gabinet Marsza\u0142ka Sejmu RP Marka Kuchci\u0144skiego, Ministerstwo Spraw Wewn\u0119trznych i Administracji, Ministerstwo Kultury i Dziedzictwa Narodowego, Ministerstwo Sportu i Turystyki oraz Tygodnik \u201eGazeta Polska\u201d i Tygodnik Do Rzeczy.<\/p>\n<p style=\"text-align: justify;\">Uroczyste rozdanie nagr\u00f3d dla uczestnik\u00f3w Konkursu nast\u0105pi <strong>2 kwietnia 2017 roku o godz. 16.15 w sali kina \u201eWczasowicz\u201d (ul. Plac Dietla 2) w Iwoniczu-Zdroju<\/strong> podczas uroczysto\u015bci patriotycznych z udzia\u0142em mieszka\u0144c\u00f3w i zaproszonych go\u015bci.<\/p>\n","protected":false},"excerpt":{"rendered":"<p>Dnia 10 lutego 2017 roku Przewodnicz\u0105cy Spo\u0142ecznego Komitetu Obchod\u00f3w VII rocznicy Tragedii Smole\u0144skiej w Iwoniczu-Zdroju Grzegorz Nieradka og\u0142osi\u0142 II edycj\u0119 &#8230;<\/p>\n","protected":false},"author":2,"featured_media":2186,"comment_status":"closed","ping_status":"open","sticky":false,"template":"","format":"standard","meta":[],"categories":[73,72,71,74],"tags":[39,343,113,344],"_links":{"self":[{"href":"https:\/\/grzegorznieradka.pl\/index.php\/wp-json\/wp\/v2\/posts\/2184"}],"collection":[{"href":"https:\/\/grzegorznieradka.pl\/index.php\/wp-json\/wp\/v2\/posts"}],"about":[{"href":"https:\/\/grzegorznieradka.pl\/index.php\/wp-json\/wp\/v2\/types\/post"}],"author":[{"embeddable":true,"href":"https:\/\/grzegorznieradka.pl\/index.php\/wp-json\/wp\/v2\/users\/2"}],"replies":[{"embeddable":true,"href":"https:\/\/grzegorznieradka.pl\/index.php\/wp-json\/wp\/v2\/comments?post=2184"}],"version-history":[{"count":1,"href":"https:\/\/grzegorznieradka.pl\/index.php\/wp-json\/wp\/v2\/posts\/2184\/revisions"}],"predecessor-version":[{"id":2187,"href":"https:\/\/grzegorznieradka.pl\/index.php\/wp-json\/wp\/v2\/posts\/2184\/revisions\/2187"}],"wp:featuredmedia":[{"embeddable":true,"href":"https:\/\/grzegorznieradka.pl\/index.php\/wp-json\/wp\/v2\/media\/2186"}],"wp:attachment":[{"href":"https:\/\/grzegorznieradka.pl\/index.php\/wp-json\/wp\/v2\/media?parent=2184"}],"wp:term":[{"taxonomy":"category","embeddable":true,"href":"https:\/\/grzegorznieradka.pl\/index.php\/wp-json\/wp\/v2\/categories?post=2184"},{"taxonomy":"post_tag","embeddable":true,"href":"https:\/\/grzegorznieradka.pl\/index.php\/wp-json\/wp\/v2\/tags?post=2184"}],"curies":[{"name":"wp","href":"https:\/\/api.w.org\/{rel}","templated":true}]}}